{"id":10991,"date":"2023-11-24T21:23:19","date_gmt":"2023-11-24T21:23:19","guid":{"rendered":"https:\/\/iestrevenque.es\/sitio\/?p=10991"},"modified":"2023-11-24T21:23:19","modified_gmt":"2023-11-24T21:23:19","slug":"celebrating-thanksgiving-day-2","status":"publish","type":"post","link":"https:\/\/iestrevenque.es\/sitio\/2023\/11\/24\/celebrating-thanksgiving-day-2\/","title":{"rendered":"CELEBRATING THANKSGIVING DAY"},"content":{"rendered":"<p class=\"s2\" style=\"text-align: justify\">Going on with the aim of teaching students the cultural aspect of the English language, we have dealt during these days with the main festivity in the US: Thanksgiving Day.<\/p>\n<p class=\"s2\" style=\"text-align: justify\">Students from 1\u00ba ESO B, 2\u00ba ESO A, 2\u00ba ESO B, 2\u00ba ESO C, 3\u00ba DICU and 1\u00ba Bachillerato A, with their English teachers Carmen Sorroche and Carmen P\u00e9rez, have made a searching project on the subject and its historical background and they have learnt how important Thanksgiving Day is for Americans.<\/p>\n<p class=\"s2\" style=\"text-align: justify\">And, to decorate the bilingual corner in the school hall, they have designed a big turkey whose feathers are our students\u2019 thanks for the people and things that are important for them. In the case of 1\u00ba ESO B, students have done wonderful bookmarks.<\/p>\n<p class=\"s2\" style=\"text-align: justify\">\u200bContinuando con el prop\u00f3sito de ense\u00f1ar a los alumnos el aspecto cultural de la lengua inglesa, hemos trabajado en estos d\u00edas la principal festividad en Estados Unidos: el D\u00eda de Acci\u00f3n de Gracias.<\/p>\n<p class=\"s2\" style=\"text-align: justify\">Los alumnos de 1\u00ba ESO B, 2\u00ba ESO A, 2\u00ba ESO B, 2\u00ba ESO C, 3\u00ba DICU y 1\u00ba Bachillerato A, con sus profesoras de ingl\u00e9s Carmen Sorroche y Carmen P\u00e9rez, han hecho un trabajo de investigaci\u00f3n sobre el tema y su trasfondo hist\u00f3rico y han aprendido lo importante que Acci\u00f3n de Gracias es para los americanos.<\/p>\n<p class=\"s2\" style=\"text-align: justify\">Y, para decorar las clases y el rinc\u00f3n biling\u00fce del hall del centro, han dise\u00f1ado un gran pavo cuyas plumas son los agradecimientos de nuestros alumnos por las personas y las cosas que son importantes para ellos. En el caso de los alumnos de 1\u00ba ESO B, \u00e9stos han elaborado unos fant\u00e1sticos marcap\u00e1ginas.<\/p>\nngg_shortcode_0_placeholder\n","protected":false},"excerpt":{"rendered":"<p>Going on with the aim of teaching students the cultural aspect of the English language, we have dealt during these days with the main festivity in the US: Thanksgiving Day. Students from 1\u00ba ESO B, 2\u00ba ESO A, 2\u00ba ESO B, 2\u00ba ESO C, 3\u00ba DICU and 1\u00ba Bachillerato A, with their English teachers Carmen\u2026 <span class=\"read-more\"><a href=\"https:\/\/iestrevenque.es\/sitio\/2023\/11\/24\/celebrating-thanksgiving-day-2\/\">Leer m\u00e1s &raquo;<\/a><\/span><\/p>\n","protected":false},"author":3,"featured_media":11000,"comment_status":"closed","ping_status":"open","sticky":false,"template":"","format":"standard","meta":{"ngg_post_thumbnail":0,"jetpack_post_was_ever_published":false,"_jetpack_newsletter_access":"","_jetpack_dont_email_post_to_subs":false,"_jetpack_newsletter_tier_id":0,"_jetpack_memberships_contains_paywalled_content":false,"_jetpack_memberships_contains_paid_content":false,"footnotes":""},"categories":[23],"tags":[],"class_list":["post-10991","post","type-post","status-publish","format-standard","has-post-thumbnail","hentry","category-bilinguismo"],"jetpack_featured_media_url":"https:\/\/i0.wp.com\/iestrevenque.es\/sitio\/wp-content\/uploads\/2023\/11\/IMG-20231123-WA0007.jpeg?fit=1024%2C768&ssl=1","jetpack_sharing_enabled":true,"jetpack_shortlink":"https:\/\/wp.me\/pa47Ce-2Rh","_links":{"self":[{"href":"https:\/\/iestrevenque.es\/sitio\/wp-json\/wp\/v2\/posts\/10991","targetHints":{"allow":["GET"]}}],"collection":[{"href":"https:\/\/iestrevenque.es\/sitio\/wp-json\/wp\/v2\/posts"}],"about":[{"href":"https:\/\/iestrevenque.es\/sitio\/wp-json\/wp\/v2\/types\/post"}],"author":[{"embeddable":true,"href":"https:\/\/iestrevenque.es\/sitio\/wp-json\/wp\/v2\/users\/3"}],"replies":[{"embeddable":true,"href":"https:\/\/iestrevenque.es\/sitio\/wp-json\/wp\/v2\/comments?post=10991"}],"version-history":[{"count":1,"href":"https:\/\/iestrevenque.es\/sitio\/wp-json\/wp\/v2\/posts\/10991\/revisions"}],"predecessor-version":[{"id":11001,"href":"https:\/\/iestrevenque.es\/sitio\/wp-json\/wp\/v2\/posts\/10991\/revisions\/11001"}],"wp:featuredmedia":[{"embeddable":true,"href":"https:\/\/iestrevenque.es\/sitio\/wp-json\/wp\/v2\/media\/11000"}],"wp:attachment":[{"href":"https:\/\/iestrevenque.es\/sitio\/wp-json\/wp\/v2\/media?parent=10991"}],"wp:term":[{"taxonomy":"category","embeddable":true,"href":"https:\/\/iestrevenque.es\/sitio\/wp-json\/wp\/v2\/categories?post=10991"},{"taxonomy":"post_tag","embeddable":true,"href":"https:\/\/iestrevenque.es\/sitio\/wp-json\/wp\/v2\/tags?post=10991"}],"curies":[{"name":"wp","href":"https:\/\/api.w.org\/{rel}","templated":true}]}}