{"id":12767,"date":"2024-12-19T16:12:29","date_gmt":"2024-12-19T16:12:29","guid":{"rendered":"https:\/\/iestrevenque.es\/sitio\/?p=12767"},"modified":"2024-12-19T16:13:22","modified_gmt":"2024-12-19T16:13:22","slug":"12767","status":"publish","type":"post","link":"https:\/\/iestrevenque.es\/sitio\/2024\/12\/19\/12767\/","title":{"rendered":""},"content":{"rendered":"<p class=\"s3\">WATCHING <span class=\"s2\">GLADIATOR II &amp; WICKED<\/span> AT THE CINEMA IN THEIR ORIGINAL VERSION<\/p>\n<p class=\"s4\" style=\"text-align: justify\">Siguiendo los pasos de los cursos anteriores y como consecuencia de la aceptaci\u00f3n y el \u00e9xito obtenido, el proyecto integrado biling\u00fce que vamos a desarrollar este curso gira en torno a una pel\u00edcula.<\/p>\n<p class=\"s4\" style=\"text-align: justify\">En este caso, <span class=\"s2\">Gladiator II<\/span> para el alumnado de 3\u00ba y 4\u00ba ESO y <span class=\"s2\">W<\/span><span class=\"s2\">icked<\/span> para el alumnado de 1\u00ba y 2\u00ba ESO han sido las elegidas y, aprovechando su reciente estreno, el viernes 29 de noviembre (<span class=\"s2\">Gladiator II<\/span>) y el viernes 13 dediciembre (<span class=\"s2\">W<\/span><span class=\"s2\">icked<\/span>), todo el alumnado de ESO del centro que as\u00ed lo ha deseado ha asistido a las salas de cine del centro comercial <span class=\"s2\">Alhsur<\/span> de La Zubia para el visionado de las pel\u00edculas en versi\u00f3n original.<\/p>\n<p class=\"s4\" style=\"text-align: justify\">Tanto en las semanas previas al visionado como en el segundo trimestre, se trabajar\u00e1n diferentes contenidos de las materias que forman parte del proyecto biling\u00fce, tanto las pertenecientes a las \u00e1reas ling\u00fc\u00edsticas como a las no ling\u00fc\u00edsticas.<\/p>\n<p class=\"s4\" style=\"text-align: justify\">Una vez concluido el proyecto, en torno a finales del segundo trimestre, haremos un resumen del mismo.<\/p>\n<p class=\"s4\" style=\"text-align: justify\">Following in the footsteps of the last school years, and as a consequence of the acceptance and success obtained, the integrated bilingual project that we are going to carry out this school year turns around a film.<\/p>\n<p class=\"s4\" style=\"text-align: justify\">In this case, we have chosen <span class=\"s2\">Gladiator II<\/span> for students in 3\u00ba and 4\u00ba ESO and<span class=\"s2\"> W<\/span><span class=\"s2\">icked<\/span> for students in 1\u00ba and 2\u00ba ESO.<span class=\"s2\">A<\/span>nd, taking advantage of their recent premiere, all the students from ESO who have wanted to, have gone to the cinema in the shopping centre <span class=\"s2\">Alhsur<\/span>, La Zubia, on Friday29<span class=\"s5\">th<\/span> November <span class=\"s2\">(Napoleon<\/span>) and Friday 13<span class=\"s5\">th<\/span> December(<span class=\"s2\">W<\/span><span class=\"s2\">icked<\/span>), to watch the films in their original version.<\/p>\n<p class=\"s4\" style=\"text-align: justify\">Students will be working on different contents of the subjects involved in the bilingual project, from non-linguistic to linguistic areas, during the second term, the same they did in the previous weeks to the premiere.<\/p>\n<p class=\"s4\" style=\"text-align: justify\">Once we finish the project, at the end of the second term, we will summarise it in depth.<\/p>\n<p style=\"text-align: justify\"><img data-recalc-dims=\"1\" loading=\"lazy\" decoding=\"async\" class=\"alignnone size-medium wp-image-12768\" src=\"https:\/\/i0.wp.com\/iestrevenque.es\/sitio\/wp-content\/uploads\/2024\/12\/60e736c5-595d-4c3b-964a-2a050601ac52.jpeg?resize=300%2C225&#038;ssl=1\" alt=\"\" width=\"300\" height=\"225\" srcset=\"https:\/\/i0.wp.com\/iestrevenque.es\/sitio\/wp-content\/uploads\/2024\/12\/60e736c5-595d-4c3b-964a-2a050601ac52.jpeg?resize=300%2C225&amp;ssl=1 300w, https:\/\/i0.wp.com\/iestrevenque.es\/sitio\/wp-content\/uploads\/2024\/12\/60e736c5-595d-4c3b-964a-2a050601ac52.jpeg?resize=1024%2C768&amp;ssl=1 1024w, https:\/\/i0.wp.com\/iestrevenque.es\/sitio\/wp-content\/uploads\/2024\/12\/60e736c5-595d-4c3b-964a-2a050601ac52.jpeg?resize=768%2C576&amp;ssl=1 768w, https:\/\/i0.wp.com\/iestrevenque.es\/sitio\/wp-content\/uploads\/2024\/12\/60e736c5-595d-4c3b-964a-2a050601ac52.jpeg?resize=1536%2C1152&amp;ssl=1 1536w, https:\/\/i0.wp.com\/iestrevenque.es\/sitio\/wp-content\/uploads\/2024\/12\/60e736c5-595d-4c3b-964a-2a050601ac52.jpeg?resize=660%2C495&amp;ssl=1 660w, https:\/\/i0.wp.com\/iestrevenque.es\/sitio\/wp-content\/uploads\/2024\/12\/60e736c5-595d-4c3b-964a-2a050601ac52.jpeg?w=1600&amp;ssl=1 1600w, https:\/\/i0.wp.com\/iestrevenque.es\/sitio\/wp-content\/uploads\/2024\/12\/60e736c5-595d-4c3b-964a-2a050601ac52.jpeg?w=1330&amp;ssl=1 1330w\" sizes=\"auto, (max-width: 300px) 100vw, 300px\" \/><\/p>\n<p class=\"s4\">&nbsp;<\/p>\n","protected":false},"excerpt":{"rendered":"<p>WATCHING GLADIATOR II &amp; WICKED AT THE CINEMA IN THEIR ORIGINAL VERSION Siguiendo los pasos de los cursos anteriores y como consecuencia de la aceptaci\u00f3n y el \u00e9xito obtenido, el proyecto integrado biling\u00fce que vamos a desarrollar este curso gira en torno a una pel\u00edcula. En este caso, Gladiator II para el alumnado de 3\u00ba\u2026 <span class=\"read-more\"><a href=\"https:\/\/iestrevenque.es\/sitio\/2024\/12\/19\/12767\/\">Leer m\u00e1s &raquo;<\/a><\/span><\/p>\n","protected":false},"author":3,"featured_media":12768,"comment_status":"closed","ping_status":"open","sticky":false,"template":"","format":"standard","meta":{"ngg_post_thumbnail":0,"jetpack_post_was_ever_published":false,"_jetpack_newsletter_access":"","_jetpack_dont_email_post_to_subs":false,"_jetpack_newsletter_tier_id":0,"_jetpack_memberships_contains_paywalled_content":false,"_jetpack_memberships_contains_paid_content":false,"footnotes":""},"categories":[23],"tags":[],"class_list":["post-12767","post","type-post","status-publish","format-standard","has-post-thumbnail","hentry","category-bilinguismo"],"jetpack_featured_media_url":"https:\/\/i0.wp.com\/iestrevenque.es\/sitio\/wp-content\/uploads\/2024\/12\/60e736c5-595d-4c3b-964a-2a050601ac52.jpeg?fit=1600%2C1200&ssl=1","jetpack_sharing_enabled":true,"jetpack_shortlink":"https:\/\/wp.me\/sa47Ce-12767","_links":{"self":[{"href":"https:\/\/iestrevenque.es\/sitio\/wp-json\/wp\/v2\/posts\/12767","targetHints":{"allow":["GET"]}}],"collection":[{"href":"https:\/\/iestrevenque.es\/sitio\/wp-json\/wp\/v2\/posts"}],"about":[{"href":"https:\/\/iestrevenque.es\/sitio\/wp-json\/wp\/v2\/types\/post"}],"author":[{"embeddable":true,"href":"https:\/\/iestrevenque.es\/sitio\/wp-json\/wp\/v2\/users\/3"}],"replies":[{"embeddable":true,"href":"https:\/\/iestrevenque.es\/sitio\/wp-json\/wp\/v2\/comments?post=12767"}],"version-history":[{"count":2,"href":"https:\/\/iestrevenque.es\/sitio\/wp-json\/wp\/v2\/posts\/12767\/revisions"}],"predecessor-version":[{"id":12770,"href":"https:\/\/iestrevenque.es\/sitio\/wp-json\/wp\/v2\/posts\/12767\/revisions\/12770"}],"wp:featuredmedia":[{"embeddable":true,"href":"https:\/\/iestrevenque.es\/sitio\/wp-json\/wp\/v2\/media\/12768"}],"wp:attachment":[{"href":"https:\/\/iestrevenque.es\/sitio\/wp-json\/wp\/v2\/media?parent=12767"}],"wp:term":[{"taxonomy":"category","embeddable":true,"href":"https:\/\/iestrevenque.es\/sitio\/wp-json\/wp\/v2\/categories?post=12767"},{"taxonomy":"post_tag","embeddable":true,"href":"https:\/\/iestrevenque.es\/sitio\/wp-json\/wp\/v2\/tags?post=12767"}],"curies":[{"name":"wp","href":"https:\/\/api.w.org\/{rel}","templated":true}]}}