{"id":12898,"date":"2025-02-03T18:55:26","date_gmt":"2025-02-03T18:55:26","guid":{"rendered":"https:\/\/iestrevenque.es\/sitio\/?p=12898"},"modified":"2025-02-03T18:55:26","modified_gmt":"2025-02-03T18:55:26","slug":"ii-torneo-de-ajedrez-intercentros-ies-alba-longa","status":"publish","type":"post","link":"https:\/\/iestrevenque.es\/sitio\/2025\/02\/03\/ii-torneo-de-ajedrez-intercentros-ies-alba-longa\/","title":{"rendered":"II Torneo de Ajedrez Intercentros \u201cIES Alba Longa\u201d"},"content":{"rendered":"<p id=\"m_-1467426994197864700gmail-docs-internal-guid-5df7d6c5-7fff-f1d9-8054-bca25d7c0a06\" dir=\"ltr\" style=\"text-align: justify\">El pasado 31 de enero el equipo formado por los alumnos Hugo P\u00e9rez Osa, Lorenzo Gonz\u00e1lez Fern\u00e1ndez, Francisco Javier Olmedo Molina y la alumna, Carmen Y\u00e1\u00f1ez Linares, del IES Trevenque partici\u1e55\u00f3 en el II Torneo de Ajedrez Intercentros \u201cIES Alba Longa\u201d organizado por el IES Alba Longa y arbitrado por Don Francisco Jim\u00e9nez Melguizo. Participaron 16 equipos procedentes de 14 institutos de la provincia de Granada, quedando clasificado nuestro equipo en el quinto puesto.<\/p>\n<p dir=\"ltr\" style=\"text-align: justify\">Nuestro m\u00e1s sincero agradecimiento a Don Juan Jos\u00e9 Romero Chaves por habernos invitado a participar en esta actividad que contribuye a que nuestro alumnado aprenda a controlar est\u00edmulos, a la toma de decisiones, la deportividad y al desarrollo del pensamiento l\u00f3gico y razonamiento.<\/p>\n<p dir=\"ltr\" style=\"text-align: justify\">Tanto alumnado como profesorado pudimos disfrutar mucho por la magn\u00edfica organizaci\u00f3n y ambiente en el que se desarroll\u00f3 esta jornada.<\/p>\nngg_shortcode_0_placeholder\n","protected":false},"excerpt":{"rendered":"<p>El pasado 31 de enero el equipo formado por los alumnos Hugo P\u00e9rez Osa, Lorenzo Gonz\u00e1lez Fern\u00e1ndez, Francisco Javier Olmedo Molina y la alumna, Carmen Y\u00e1\u00f1ez Linares, del IES Trevenque partici\u1e55\u00f3 en el II Torneo de Ajedrez Intercentros \u201cIES Alba Longa\u201d organizado por el IES Alba Longa y arbitrado por Don Francisco Jim\u00e9nez Melguizo. Participaron\u2026 <span class=\"read-more\"><a href=\"https:\/\/iestrevenque.es\/sitio\/2025\/02\/03\/ii-torneo-de-ajedrez-intercentros-ies-alba-longa\/\">Leer m\u00e1s &raquo;<\/a><\/span><\/p>\n","protected":false},"author":3,"featured_media":12912,"comment_status":"closed","ping_status":"open","sticky":false,"template":"","format":"standard","meta":{"ngg_post_thumbnail":0,"jetpack_post_was_ever_published":false,"_jetpack_newsletter_access":"","_jetpack_dont_email_post_to_subs":false,"_jetpack_newsletter_tier_id":0,"_jetpack_memberships_contains_paywalled_content":false,"_jetpack_memberships_contains_paid_content":false,"footnotes":""},"categories":[9],"tags":[],"class_list":["post-12898","post","type-post","status-publish","format-standard","has-post-thumbnail","hentry","category-extraescolares-y-complementarias"],"jetpack_featured_media_url":"https:\/\/i0.wp.com\/iestrevenque.es\/sitio\/wp-content\/uploads\/2025\/02\/IMG_20250131_225855.jpeg?fit=1487%2C923&ssl=1","jetpack_sharing_enabled":true,"jetpack_shortlink":"https:\/\/wp.me\/pa47Ce-3m2","_links":{"self":[{"href":"https:\/\/iestrevenque.es\/sitio\/wp-json\/wp\/v2\/posts\/12898","targetHints":{"allow":["GET"]}}],"collection":[{"href":"https:\/\/iestrevenque.es\/sitio\/wp-json\/wp\/v2\/posts"}],"about":[{"href":"https:\/\/iestrevenque.es\/sitio\/wp-json\/wp\/v2\/types\/post"}],"author":[{"embeddable":true,"href":"https:\/\/iestrevenque.es\/sitio\/wp-json\/wp\/v2\/users\/3"}],"replies":[{"embeddable":true,"href":"https:\/\/iestrevenque.es\/sitio\/wp-json\/wp\/v2\/comments?post=12898"}],"version-history":[{"count":1,"href":"https:\/\/iestrevenque.es\/sitio\/wp-json\/wp\/v2\/posts\/12898\/revisions"}],"predecessor-version":[{"id":12911,"href":"https:\/\/iestrevenque.es\/sitio\/wp-json\/wp\/v2\/posts\/12898\/revisions\/12911"}],"wp:featuredmedia":[{"embeddable":true,"href":"https:\/\/iestrevenque.es\/sitio\/wp-json\/wp\/v2\/media\/12912"}],"wp:attachment":[{"href":"https:\/\/iestrevenque.es\/sitio\/wp-json\/wp\/v2\/media?parent=12898"}],"wp:term":[{"taxonomy":"category","embeddable":true,"href":"https:\/\/iestrevenque.es\/sitio\/wp-json\/wp\/v2\/categories?post=12898"},{"taxonomy":"post_tag","embeddable":true,"href":"https:\/\/iestrevenque.es\/sitio\/wp-json\/wp\/v2\/tags?post=12898"}],"curies":[{"name":"wp","href":"https:\/\/api.w.org\/{rel}","templated":true}]}}