{"id":12913,"date":"2025-02-03T19:01:21","date_gmt":"2025-02-03T19:01:21","guid":{"rendered":"https:\/\/iestrevenque.es\/sitio\/?p=12913"},"modified":"2025-02-03T19:01:21","modified_gmt":"2025-02-03T19:01:21","slug":"xx-olimpiada-espanola-de-biologia","status":"publish","type":"post","link":"https:\/\/iestrevenque.es\/sitio\/2025\/02\/03\/xx-olimpiada-espanola-de-biologia\/","title":{"rendered":"XX Olimpiada Espa\u00f1ola de Biolog\u00eda"},"content":{"rendered":"<p style=\"text-align: justify\">Cinco de nuestros alumnos y alumnas de Biolog\u00eda de 2\u00ba Bachillerato participaron &nbsp;el pasado &nbsp;1 de febrero en la XX Olimpiada Espa\u00f1ola de Biolog\u00eda. &nbsp;La prueba, correspondiente a la fase auton\u00f3mica de Andaluc\u00eda, se realiz\u00f3 en el IES La Zafra de Motril.<br \/>\nEsther, Tenoch, Javier, \u00c1ngela y \u00c1ngel, os agradecemos vuestro esfuerzo &nbsp;y os deseamos la mejor de las suertes<\/p>\nngg_shortcode_0_placeholder\n","protected":false},"excerpt":{"rendered":"<p>Cinco de nuestros alumnos y alumnas de Biolog\u00eda de 2\u00ba Bachillerato participaron &nbsp;el pasado &nbsp;1 de febrero en la XX Olimpiada Espa\u00f1ola de Biolog\u00eda. &nbsp;La prueba, correspondiente a la fase auton\u00f3mica de Andaluc\u00eda, se realiz\u00f3 en el IES La Zafra de Motril. Esther, Tenoch, Javier, \u00c1ngela y \u00c1ngel, os agradecemos vuestro esfuerzo &nbsp;y os deseamos\u2026 <span class=\"read-more\"><a href=\"https:\/\/iestrevenque.es\/sitio\/2025\/02\/03\/xx-olimpiada-espanola-de-biologia\/\">Leer m\u00e1s &raquo;<\/a><\/span><\/p>\n","protected":false},"author":3,"featured_media":12920,"comment_status":"closed","ping_status":"open","sticky":false,"template":"","format":"standard","meta":{"ngg_post_thumbnail":0,"jetpack_post_was_ever_published":false,"_jetpack_newsletter_access":"","_jetpack_dont_email_post_to_subs":false,"_jetpack_newsletter_tier_id":0,"_jetpack_memberships_contains_paywalled_content":false,"_jetpack_memberships_contains_paid_content":false,"footnotes":""},"categories":[9],"tags":[],"class_list":["post-12913","post","type-post","status-publish","format-standard","has-post-thumbnail","hentry","category-extraescolares-y-complementarias"],"jetpack_featured_media_url":"https:\/\/i0.wp.com\/iestrevenque.es\/sitio\/wp-content\/uploads\/2025\/02\/IMG_9699.jpeg?fit=1170%2C1170&ssl=1","jetpack_sharing_enabled":true,"jetpack_shortlink":"https:\/\/wp.me\/pa47Ce-3mh","_links":{"self":[{"href":"https:\/\/iestrevenque.es\/sitio\/wp-json\/wp\/v2\/posts\/12913","targetHints":{"allow":["GET"]}}],"collection":[{"href":"https:\/\/iestrevenque.es\/sitio\/wp-json\/wp\/v2\/posts"}],"about":[{"href":"https:\/\/iestrevenque.es\/sitio\/wp-json\/wp\/v2\/types\/post"}],"author":[{"embeddable":true,"href":"https:\/\/iestrevenque.es\/sitio\/wp-json\/wp\/v2\/users\/3"}],"replies":[{"embeddable":true,"href":"https:\/\/iestrevenque.es\/sitio\/wp-json\/wp\/v2\/comments?post=12913"}],"version-history":[{"count":1,"href":"https:\/\/iestrevenque.es\/sitio\/wp-json\/wp\/v2\/posts\/12913\/revisions"}],"predecessor-version":[{"id":12921,"href":"https:\/\/iestrevenque.es\/sitio\/wp-json\/wp\/v2\/posts\/12913\/revisions\/12921"}],"wp:featuredmedia":[{"embeddable":true,"href":"https:\/\/iestrevenque.es\/sitio\/wp-json\/wp\/v2\/media\/12920"}],"wp:attachment":[{"href":"https:\/\/iestrevenque.es\/sitio\/wp-json\/wp\/v2\/media?parent=12913"}],"wp:term":[{"taxonomy":"category","embeddable":true,"href":"https:\/\/iestrevenque.es\/sitio\/wp-json\/wp\/v2\/categories?post=12913"},{"taxonomy":"post_tag","embeddable":true,"href":"https:\/\/iestrevenque.es\/sitio\/wp-json\/wp\/v2\/tags?post=12913"}],"curies":[{"name":"wp","href":"https:\/\/api.w.org\/{rel}","templated":true}]}}