{"id":13656,"date":"2025-04-23T07:51:31","date_gmt":"2025-04-23T07:51:31","guid":{"rendered":"https:\/\/iestrevenque.es\/sitio\/?p=13656"},"modified":"2025-04-23T07:51:31","modified_gmt":"2025-04-23T07:51:31","slug":"visitamos-la-biblioteca-de-andalucia","status":"publish","type":"post","link":"https:\/\/iestrevenque.es\/sitio\/2025\/04\/23\/visitamos-la-biblioteca-de-andalucia\/","title":{"rendered":"Visitamos la Biblioteca de Andaluc\u00eda"},"content":{"rendered":"<blockquote>\n<p style=\"text-align: justify;\">El pasado d\u00eda 11 de abril el alumnado de 4\u00b0 ESO A y B visitaron la Biblioteca de Andaluc\u00eda acompa\u00f1ados por las profesoras Elisa G\u00edrela y Sara Cabello.<\/p>\nngg_shortcode_0_placeholder<\/blockquote>\n","protected":false},"excerpt":{"rendered":"<p>El pasado d\u00eda 11 de abril el alumnado de 4\u00b0 ESO A y B visitaron la Biblioteca de Andaluc\u00eda acompa\u00f1ados por las profesoras Elisa G\u00edrela y Sara Cabello.<\/p>\n","protected":false},"author":9,"featured_media":13668,"comment_status":"closed","ping_status":"open","sticky":false,"template":"","format":"standard","meta":{"ngg_post_thumbnail":0,"jetpack_post_was_ever_published":false,"_jetpack_newsletter_access":"","_jetpack_dont_email_post_to_subs":false,"_jetpack_newsletter_tier_id":0,"_jetpack_memberships_contains_paywalled_content":false,"_jetpack_memberships_contains_paid_content":false,"footnotes":""},"categories":[9,1],"tags":[],"class_list":["post-13656","post","type-post","status-publish","format-standard","has-post-thumbnail","hentry","category-extraescolares-y-complementarias","category-sin-categoria"],"jetpack_featured_media_url":"https:\/\/i0.wp.com\/iestrevenque.es\/sitio\/wp-content\/uploads\/2025\/04\/bdd3c3b4-a52f-4d81-ab48-1fca78e5e0c4.jpeg?fit=1200%2C1600&ssl=1","jetpack_sharing_enabled":true,"jetpack_shortlink":"https:\/\/wp.me\/pa47Ce-3yg","_links":{"self":[{"href":"https:\/\/iestrevenque.es\/sitio\/wp-json\/wp\/v2\/posts\/13656","targetHints":{"allow":["GET"]}}],"collection":[{"href":"https:\/\/iestrevenque.es\/sitio\/wp-json\/wp\/v2\/posts"}],"about":[{"href":"https:\/\/iestrevenque.es\/sitio\/wp-json\/wp\/v2\/types\/post"}],"author":[{"embeddable":true,"href":"https:\/\/iestrevenque.es\/sitio\/wp-json\/wp\/v2\/users\/9"}],"replies":[{"embeddable":true,"href":"https:\/\/iestrevenque.es\/sitio\/wp-json\/wp\/v2\/comments?post=13656"}],"version-history":[{"count":1,"href":"https:\/\/iestrevenque.es\/sitio\/wp-json\/wp\/v2\/posts\/13656\/revisions"}],"predecessor-version":[{"id":13667,"href":"https:\/\/iestrevenque.es\/sitio\/wp-json\/wp\/v2\/posts\/13656\/revisions\/13667"}],"wp:featuredmedia":[{"embeddable":true,"href":"https:\/\/iestrevenque.es\/sitio\/wp-json\/wp\/v2\/media\/13668"}],"wp:attachment":[{"href":"https:\/\/iestrevenque.es\/sitio\/wp-json\/wp\/v2\/media?parent=13656"}],"wp:term":[{"taxonomy":"category","embeddable":true,"href":"https:\/\/iestrevenque.es\/sitio\/wp-json\/wp\/v2\/categories?post=13656"},{"taxonomy":"post_tag","embeddable":true,"href":"https:\/\/iestrevenque.es\/sitio\/wp-json\/wp\/v2\/tags?post=13656"}],"curies":[{"name":"wp","href":"https:\/\/api.w.org\/{rel}","templated":true}]}}