{"id":13669,"date":"2025-04-24T06:32:29","date_gmt":"2025-04-24T06:32:29","guid":{"rendered":"https:\/\/iestrevenque.es\/sitio\/?p=13669"},"modified":"2025-04-24T06:32:29","modified_gmt":"2025-04-24T06:32:29","slug":"recogemos-el-primer-premio-del-xii-certamen-hermes","status":"publish","type":"post","link":"https:\/\/iestrevenque.es\/sitio\/2025\/04\/24\/recogemos-el-primer-premio-del-xii-certamen-hermes\/","title":{"rendered":"Recogemos el primer premio del XII certamen Hermes"},"content":{"rendered":"<p style=\"text-align: justify;\">El alumnado de Humanidades acude a Sagunto a recoger el premio Hermes.<\/p>\n<p style=\"text-align: justify;\">El pasado 11 de abril, el alumnado de Lat\u00edn de segundo de bachillerato asisti\u00f3 a la ceremonia de clausura de los XXVII Ludi Saguntini en el teatro romano de Sagunto. Este acto pone fin al festival de la cultura cl\u00e1sica y el teatro que durante cuatro d\u00edas toma las calles de la ciudad, acercando a estudiantes de primaria y secundaria al mundo cl\u00e1sico de una forma divertida.<br \/>\nAnte un auditorio entusiasmado, nuestro alumnado recogi\u00f3 el trofeo correspondiente al primer premio del XII certamen Hermes, por la realizaci\u00f3n de un v\u00eddeo en lengua cl\u00e1sica. No faltaron palabras de agradecimiento por parte de nuestros alumnos, que haciendo honor a la modalidad en que hab\u00edan ganado, usaron el lat\u00edn para expresar su gratitud.<br \/>\nDe todo esto os dejamos un peque\u00f1o testimonio:<\/p>\nngg_shortcode_0_placeholder\n","protected":false},"excerpt":{"rendered":"<p>El alumnado de Humanidades acude a Sagunto a recoger el premio Hermes. El pasado 11 de abril, el alumnado de Lat\u00edn de segundo de bachillerato asisti\u00f3 a la ceremonia de clausura de los XXVII Ludi Saguntini en el teatro romano de Sagunto. Este acto pone fin al festival de la cultura cl\u00e1sica y el teatro\u2026 <span class=\"read-more\"><a href=\"https:\/\/iestrevenque.es\/sitio\/2025\/04\/24\/recogemos-el-primer-premio-del-xii-certamen-hermes\/\">Leer m\u00e1s &raquo;<\/a><\/span><\/p>\n","protected":false},"author":9,"featured_media":13398,"comment_status":"closed","ping_status":"open","sticky":false,"template":"","format":"standard","meta":{"ngg_post_thumbnail":0,"jetpack_post_was_ever_published":false,"_jetpack_newsletter_access":"","_jetpack_dont_email_post_to_subs":false,"_jetpack_newsletter_tier_id":0,"_jetpack_memberships_contains_paywalled_content":false,"_jetpack_memberships_contains_paid_content":false,"footnotes":""},"categories":[9],"tags":[],"class_list":["post-13669","post","type-post","status-publish","format-standard","has-post-thumbnail","hentry","category-extraescolares-y-complementarias"],"jetpack_featured_media_url":"https:\/\/i0.wp.com\/iestrevenque.es\/sitio\/wp-content\/uploads\/2025\/03\/IMG_4535.png?fit=1280%2C640&ssl=1","jetpack_sharing_enabled":true,"jetpack_shortlink":"https:\/\/wp.me\/pa47Ce-3yt","_links":{"self":[{"href":"https:\/\/iestrevenque.es\/sitio\/wp-json\/wp\/v2\/posts\/13669","targetHints":{"allow":["GET"]}}],"collection":[{"href":"https:\/\/iestrevenque.es\/sitio\/wp-json\/wp\/v2\/posts"}],"about":[{"href":"https:\/\/iestrevenque.es\/sitio\/wp-json\/wp\/v2\/types\/post"}],"author":[{"embeddable":true,"href":"https:\/\/iestrevenque.es\/sitio\/wp-json\/wp\/v2\/users\/9"}],"replies":[{"embeddable":true,"href":"https:\/\/iestrevenque.es\/sitio\/wp-json\/wp\/v2\/comments?post=13669"}],"version-history":[{"count":1,"href":"https:\/\/iestrevenque.es\/sitio\/wp-json\/wp\/v2\/posts\/13669\/revisions"}],"predecessor-version":[{"id":13676,"href":"https:\/\/iestrevenque.es\/sitio\/wp-json\/wp\/v2\/posts\/13669\/revisions\/13676"}],"wp:featuredmedia":[{"embeddable":true,"href":"https:\/\/iestrevenque.es\/sitio\/wp-json\/wp\/v2\/media\/13398"}],"wp:attachment":[{"href":"https:\/\/iestrevenque.es\/sitio\/wp-json\/wp\/v2\/media?parent=13669"}],"wp:term":[{"taxonomy":"category","embeddable":true,"href":"https:\/\/iestrevenque.es\/sitio\/wp-json\/wp\/v2\/categories?post=13669"},{"taxonomy":"post_tag","embeddable":true,"href":"https:\/\/iestrevenque.es\/sitio\/wp-json\/wp\/v2\/tags?post=13669"}],"curies":[{"name":"wp","href":"https:\/\/api.w.org\/{rel}","templated":true}]}}