{"id":15131,"date":"2026-04-25T16:00:00","date_gmt":"2026-04-25T16:00:00","guid":{"rendered":"https:\/\/iestrevenque.es\/sitio\/?p=15131"},"modified":"2026-04-29T06:56:39","modified_gmt":"2026-04-29T06:56:39","slug":"visita-al-salon-estudiantil-de-la-ugr","status":"publish","type":"post","link":"https:\/\/iestrevenque.es\/sitio\/2026\/04\/25\/visita-al-salon-estudiantil-de-la-ugr\/","title":{"rendered":"Visita al Sal\u00f3n Estudiantil de la UGR"},"content":{"rendered":"<p style=\"text-align: justify;\">El alumnado de 2\u00b0 de bachillerato asisti\u00f3 al Sal\u00f3n estudiantil de la UGR el viernes 24 de abril, acompa\u00f1ados por sus tutores en una actividad organizada por el departamento de orientaci\u00f3n educativa. En una excelente jornada l\u00fadica y educativa pudieron informarse en las distintas charlas sobre las diferentes carreras y facultades, as\u00ed como asistir a la charla plenaria en la que se les explico las caracter\u00edsticas de la prueba de selectividad que en breve tendr\u00e1n que afrontar.<\/p>\nngg_shortcode_0_placeholder\n","protected":false},"excerpt":{"rendered":"<p>El alumnado de 2\u00b0 de bachillerato asisti\u00f3 al Sal\u00f3n estudiantil de la UGR el viernes 24 de abril, acompa\u00f1ados por sus tutores en una actividad organizada por el departamento de orientaci\u00f3n educativa. En una excelente jornada l\u00fadica y educativa pudieron informarse en las distintas charlas sobre las diferentes carreras y facultades, as\u00ed como asistir a\u2026 <span class=\"read-more\"><a href=\"https:\/\/iestrevenque.es\/sitio\/2026\/04\/25\/visita-al-salon-estudiantil-de-la-ugr\/\">Leer m\u00e1s &raquo;<\/a><\/span><\/p>\n","protected":false},"author":9,"featured_media":15130,"comment_status":"closed","ping_status":"open","sticky":false,"template":"","format":"standard","meta":{"ngg_post_thumbnail":0,"jetpack_post_was_ever_published":false,"_jetpack_newsletter_access":"","_jetpack_dont_email_post_to_subs":false,"_jetpack_newsletter_tier_id":0,"_jetpack_memberships_contains_paywalled_content":false,"_jetpack_memberships_contains_paid_content":false,"footnotes":""},"categories":[9],"tags":[],"class_list":["post-15131","post","type-post","status-publish","format-standard","has-post-thumbnail","hentry","category-extraescolares-y-complementarias"],"jetpack_featured_media_url":"https:\/\/i0.wp.com\/iestrevenque.es\/sitio\/wp-content\/uploads\/2026\/04\/DestacadaSalonEstudiantil_ABR26.jpg?fit=1255%2C641&ssl=1","jetpack_sharing_enabled":true,"jetpack_shortlink":"https:\/\/wp.me\/pa47Ce-3W3","_links":{"self":[{"href":"https:\/\/iestrevenque.es\/sitio\/wp-json\/wp\/v2\/posts\/15131","targetHints":{"allow":["GET"]}}],"collection":[{"href":"https:\/\/iestrevenque.es\/sitio\/wp-json\/wp\/v2\/posts"}],"about":[{"href":"https:\/\/iestrevenque.es\/sitio\/wp-json\/wp\/v2\/types\/post"}],"author":[{"embeddable":true,"href":"https:\/\/iestrevenque.es\/sitio\/wp-json\/wp\/v2\/users\/9"}],"replies":[{"embeddable":true,"href":"https:\/\/iestrevenque.es\/sitio\/wp-json\/wp\/v2\/comments?post=15131"}],"version-history":[{"count":1,"href":"https:\/\/iestrevenque.es\/sitio\/wp-json\/wp\/v2\/posts\/15131\/revisions"}],"predecessor-version":[{"id":15132,"href":"https:\/\/iestrevenque.es\/sitio\/wp-json\/wp\/v2\/posts\/15131\/revisions\/15132"}],"wp:featuredmedia":[{"embeddable":true,"href":"https:\/\/iestrevenque.es\/sitio\/wp-json\/wp\/v2\/media\/15130"}],"wp:attachment":[{"href":"https:\/\/iestrevenque.es\/sitio\/wp-json\/wp\/v2\/media?parent=15131"}],"wp:term":[{"taxonomy":"category","embeddable":true,"href":"https:\/\/iestrevenque.es\/sitio\/wp-json\/wp\/v2\/categories?post=15131"},{"taxonomy":"post_tag","embeddable":true,"href":"https:\/\/iestrevenque.es\/sitio\/wp-json\/wp\/v2\/tags?post=15131"}],"curies":[{"name":"wp","href":"https:\/\/api.w.org\/{rel}","templated":true}]}}