{"id":15428,"date":"2026-09-02T06:21:23","date_gmt":"2026-09-02T06:21:23","guid":{"rendered":"https:\/\/iestrevenque.es\/sitio\/?p=15428"},"modified":"2026-09-02T07:04:31","modified_gmt":"2026-09-02T07:04:31","slug":"erasmus-project-aischool-unlocking-the-power-of-artificial-intelligence-in-the-classroom","status":"publish","type":"post","link":"https:\/\/iestrevenque.es\/sitio\/2026\/09\/02\/erasmus-project-aischool-unlocking-the-power-of-artificial-intelligence-in-the-classroom\/","title":{"rendered":"Erasmus+ Project AI@School: Unlocking the power of artificial intelligence in the classroom."},"content":{"rendered":"<p><img data-recalc-dims=\"1\" loading=\"lazy\" decoding=\"async\" class=\"wp-image-14350 size-medium aligncenter\" src=\"https:\/\/i0.wp.com\/iestrevenque.es\/sitio\/wp-content\/uploads\/2025\/10\/es_cofinanciado_por_la_union_europea_pos.png?resize=300%2C63&#038;ssl=1\" alt=\"\" width=\"300\" height=\"63\" srcset=\"https:\/\/i0.wp.com\/iestrevenque.es\/sitio\/wp-content\/uploads\/2025\/10\/es_cofinanciado_por_la_union_europea_pos.png?resize=300%2C63&amp;ssl=1 300w, https:\/\/i0.wp.com\/iestrevenque.es\/sitio\/wp-content\/uploads\/2025\/10\/es_cofinanciado_por_la_union_europea_pos.png?resize=1024%2C215&amp;ssl=1 1024w, https:\/\/i0.wp.com\/iestrevenque.es\/sitio\/wp-content\/uploads\/2025\/10\/es_cofinanciado_por_la_union_europea_pos.png?resize=768%2C161&amp;ssl=1 768w, https:\/\/i0.wp.com\/iestrevenque.es\/sitio\/wp-content\/uploads\/2025\/10\/es_cofinanciado_por_la_union_europea_pos.png?resize=1536%2C322&amp;ssl=1 1536w, https:\/\/i0.wp.com\/iestrevenque.es\/sitio\/wp-content\/uploads\/2025\/10\/es_cofinanciado_por_la_union_europea_pos.png?resize=2048%2C429&amp;ssl=1 2048w, https:\/\/i0.wp.com\/iestrevenque.es\/sitio\/wp-content\/uploads\/2025\/10\/es_cofinanciado_por_la_union_europea_pos.png?resize=660%2C138&amp;ssl=1 660w, https:\/\/i0.wp.com\/iestrevenque.es\/sitio\/wp-content\/uploads\/2025\/10\/es_cofinanciado_por_la_union_europea_pos.png?w=1330&amp;ssl=1 1330w, https:\/\/i0.wp.com\/iestrevenque.es\/sitio\/wp-content\/uploads\/2025\/10\/es_cofinanciado_por_la_union_europea_pos.png?w=1995&amp;ssl=1 1995w\" sizes=\"auto, (max-width: 300px) 100vw, 300px\" \/><\/p>\n<p><img data-recalc-dims=\"1\" loading=\"lazy\" decoding=\"async\" class=\" wp-image-15429 aligncenter\" src=\"https:\/\/i0.wp.com\/iestrevenque.es\/sitio\/wp-content\/uploads\/2026\/09\/ErasmusAIsep26_1.png?resize=330%2C220&#038;ssl=1\" alt=\"\" width=\"330\" height=\"220\" srcset=\"https:\/\/i0.wp.com\/iestrevenque.es\/sitio\/wp-content\/uploads\/2026\/09\/ErasmusAIsep26_1.png?w=407&amp;ssl=1 407w, https:\/\/i0.wp.com\/iestrevenque.es\/sitio\/wp-content\/uploads\/2026\/09\/ErasmusAIsep26_1.png?resize=300%2C200&amp;ssl=1 300w\" sizes=\"auto, (max-width: 330px) 100vw, 330px\" \/><\/p>\n<p style=\"text-align: justify;\">From January 2026 to June 2027, IES Trevenque is taking part in a new Erasmus+ project.<\/p>\n<p style=\"text-align: justify;\">Funded by the European Commission under the Erasmus+ Programme \u2013 KA210-SCH Small-Scale Partnerships in School Education, and focusing on Artificial Intelligence (AI), IES Trevenque is the coordinating institution of this international project, which involves several educational institutions from four different countries: Nurmij\u00e4rven lukio (Nurmij\u00e4rvi, Finland); Sivas Alparslan Ortaokulu (Sivas, T\u00fcrkiye); Hamza Yerlikaya Ortaokulu (Sivas, T\u00fcrkiye); OOU \u201cNaum Naumovski Borche\u201d (Skopje, North Macedonia); and CEIP Virgen del Carmen (Valencia, Spain).<\/p>\n<p style=\"text-align: justify;\">In recent years, as we have begun to use Artificial Intelligence applications effectively in all areas of our lives, the time has come to make use of AI as a learning and teaching tool within educational processes. This project aims to integrate Artificial Intelligence into education in order to ensure that we do not fall behind in the digital transformation of education. As part of the project, teachers will develop AI-related learning scenarios and share them with all partner institutions.<\/p>\n<p style=\"text-align: justify;\">The <strong>overall objective<\/strong> of this project is to strengthen students\u2019 knowledge, skills and attitudes, as well as teachers\u2019 pedagogical competences, in the use of Artificial Intelligence tools, with the aim of improving the quality of learning processes through the <strong>effective, safe, inclusive and ethical<\/strong> use of AI in education, while also promoting the <strong>exchange of good practices<\/strong> among the partner schools.<\/p>\n<p style=\"text-align: justify;\">The <strong>three main areas<\/strong> that will be addressed in our project are:<\/p>\n<ol>\n<li style=\"text-align: justify;\"><strong>Artificial Intelligence in Education. <\/strong><\/li>\n<li style=\"text-align: justify;\"><strong>The Ethical Use of Artificial Intelligence in Education. <\/strong><\/li>\n<li style=\"text-align: justify;\"><strong>Promoting Artificial Intelligence Literacy. <\/strong><\/li>\n<\/ol>\n<p><strong>FOR MORE INFORMATION ABOUT THE PROJECT,<\/strong> visit its website: <a href=\"https:\/\/sites.google.com\/view\/aischool-erasmus-project\/?pli=1\" target=\"_blank\" rel=\"noopener\">https:\/\/sites.google.com\/view\/aischool-erasmus-project\/?pli=1<\/a><\/p>\n<p><img data-recalc-dims=\"1\" loading=\"lazy\" decoding=\"async\" class=\"aligncenter wp-image-15430 \" src=\"https:\/\/i0.wp.com\/iestrevenque.es\/sitio\/wp-content\/uploads\/2026\/09\/ErasmusAI_Derehos1.png?resize=268%2C136&#038;ssl=1\" alt=\"\" width=\"268\" height=\"136\" srcset=\"https:\/\/i0.wp.com\/iestrevenque.es\/sitio\/wp-content\/uploads\/2026\/09\/ErasmusAI_Derehos1.png?resize=300%2C152&amp;ssl=1 300w, https:\/\/i0.wp.com\/iestrevenque.es\/sitio\/wp-content\/uploads\/2026\/09\/ErasmusAI_Derehos1.png?w=361&amp;ssl=1 361w\" sizes=\"auto, (max-width: 268px) 100vw, 268px\" \/><\/p>\n<p>\u201cFunded by the European Union. The views and opinions expressed are solely those of the author(s) and do not necessarily reflect those of the European Union or the Spanish Service for the Internationalisation of Education (SEPIE). Neither the European Union nor SEPIE can be held responsible for them.\u201d<\/p>\n<p>&nbsp;<\/p>\n<p style=\"text-align: center;\"><span style=\"color: #993300;\"><strong>PROYECTO ERASMUS+ AI@SCHOOL: LIBERANDO EL POTENCIAL DE LA INTELIGENCIA ARTIFICIAL EN EL AULA.<\/strong><\/span><\/p>\n<p><img data-recalc-dims=\"1\" loading=\"lazy\" decoding=\"async\" class=\"wp-image-14853 size-medium aligncenter\" src=\"https:\/\/i0.wp.com\/iestrevenque.es\/sitio\/wp-content\/uploads\/2026\/02\/LogoErasmus1.png?resize=300%2C73&#038;ssl=1\" alt=\"\" width=\"300\" height=\"73\" srcset=\"https:\/\/i0.wp.com\/iestrevenque.es\/sitio\/wp-content\/uploads\/2026\/02\/LogoErasmus1.png?resize=300%2C73&amp;ssl=1 300w, https:\/\/i0.wp.com\/iestrevenque.es\/sitio\/wp-content\/uploads\/2026\/02\/LogoErasmus1.png?resize=1024%2C249&amp;ssl=1 1024w, https:\/\/i0.wp.com\/iestrevenque.es\/sitio\/wp-content\/uploads\/2026\/02\/LogoErasmus1.png?resize=768%2C187&amp;ssl=1 768w, https:\/\/i0.wp.com\/iestrevenque.es\/sitio\/wp-content\/uploads\/2026\/02\/LogoErasmus1.png?resize=660%2C160&amp;ssl=1 660w, https:\/\/i0.wp.com\/iestrevenque.es\/sitio\/wp-content\/uploads\/2026\/02\/LogoErasmus1.png?w=1111&amp;ssl=1 1111w\" sizes=\"auto, (max-width: 300px) 100vw, 300px\" \/><\/p>\n<p><img data-recalc-dims=\"1\" loading=\"lazy\" decoding=\"async\" class=\" wp-image-15429 aligncenter\" src=\"https:\/\/i0.wp.com\/iestrevenque.es\/sitio\/wp-content\/uploads\/2026\/09\/ErasmusAIsep26_1.png?resize=342%2C228&#038;ssl=1\" alt=\"\" width=\"342\" height=\"228\" srcset=\"https:\/\/i0.wp.com\/iestrevenque.es\/sitio\/wp-content\/uploads\/2026\/09\/ErasmusAIsep26_1.png?w=407&amp;ssl=1 407w, https:\/\/i0.wp.com\/iestrevenque.es\/sitio\/wp-content\/uploads\/2026\/09\/ErasmusAIsep26_1.png?resize=300%2C200&amp;ssl=1 300w\" sizes=\"auto, (max-width: 342px) 100vw, 342px\" \/><\/p>\n<p style=\"text-align: justify;\">Desde enero de 2026 y hasta junio de 2027, el IES Trevenque participa en un nuevo proyecto Erasmus+.<\/p>\n<p style=\"text-align: justify;\">Financiado por la Comisi\u00f3n Europea dentro del Programa Erasmus+ &#8211; KA210SCH Asociaciones a Peque\u00f1a Escala en la Educaci\u00f3n Escolar y con la AI como tem\u00e1tica, el IES Trevenque es el centro coordinador de este proyecto internacional en el que participan varias instituciones educativas europeas de 4 pa\u00edses diferentes: Nurmij\u00e4rven lukio (Nurmij\u00e4rvi, Finlandia); Sivas Alparslan Ortaokulu (Sivas, Turqu\u00eda); Hamza Yerlikaya Ortaokulu (Svias, Turqu\u00eda); OOU \u2018Naum Naumovski Borche (Skopje, Macedonia del Norte), CEIP Virgen del Carmen (Valencia, Espa\u00f1a).<\/p>\n<p style=\"text-align: justify;\">En los \u00faltimos tiempos, a medida que hemos comenzado a utilizar aplicaciones de Inteligencia Artificial de manera efectiva en todos los \u00e1mbitos de nuestra vida, ha llegado el momento de emplearla tambi\u00e9n como una herramienta de aprendizaje y ense\u00f1anza dentro de los procesos educativos. Este proyecto, cuyo prop\u00f3sito es integrar la Inteligencia Artificial en el \u00e1mbito educativo con el fin de no quedar rezagados ante la transformaci\u00f3n digital de la educaci\u00f3n, contempla que los docentes elaboren escenarios de aprendizaje relacionados con la IA y los compartan con todas las instituciones asociadas.<\/p>\n<p style=\"text-align: justify;\">El <strong>objetivo general<\/strong> de este proyecto es fortalecer los conocimientos, las habilidades y las actitudes de los estudiantes, as\u00ed como las competencias pedag\u00f3gicas de los docentes, en el uso de herramientas de Inteligencia Artificial, con el prop\u00f3sito de mejorar la calidad de los procesos de aprendizaje mediante un <strong>uso efectivo, seguro, inclusivo y \u00e9tico<\/strong> de la IA en la educaci\u00f3n, as\u00ed como promover el intercambio de buenas <strong>pr\u00e1cticas<\/strong> entre las escuelas asociadas.<\/p>\n<p style=\"text-align: justify;\">Los tres aspectos principales que se abordar\u00e1n en nuestro proyecto son los siguientes:<\/p>\n<ol>\n<li style=\"text-align: justify;\"><strong>La Inteligencia Artificial en la Educaci\u00f3n<\/strong><\/li>\n<li style=\"text-align: justify;\"><strong>El Uso \u00c9tico de la Inteligencia Artificial en la Educaci\u00f3n <\/strong><\/li>\n<li style=\"text-align: justify;\"><strong>El Fomento de la Alfabetizaci\u00f3n en Inteligencia Artificial <\/strong><\/li>\n<\/ol>\n<p style=\"text-align: justify;\"><strong>PARA M\u00c1S INFORMACI\u00d3N SOBRE EL PROYECTO,<\/strong> visita su p\u00e1gina web: <a href=\"https:\/\/sites.google.com\/view\/aischool-erasmus-project\/?pli=1\" target=\"_blank\" rel=\"noopener\">https:\/\/sites.google.com\/view\/aischool-erasmus-project\/?pli=1<\/a><\/p>\n<p><img data-recalc-dims=\"1\" loading=\"lazy\" decoding=\"async\" class=\" wp-image-15444 aligncenter\" src=\"https:\/\/i0.wp.com\/iestrevenque.es\/sitio\/wp-content\/uploads\/2026\/09\/ErasmusAI_Derehos2.png?resize=264%2C143&#038;ssl=1\" alt=\"\" width=\"264\" height=\"143\" srcset=\"https:\/\/i0.wp.com\/iestrevenque.es\/sitio\/wp-content\/uploads\/2026\/09\/ErasmusAI_Derehos2.png?w=388&amp;ssl=1 388w, https:\/\/i0.wp.com\/iestrevenque.es\/sitio\/wp-content\/uploads\/2026\/09\/ErasmusAI_Derehos2.png?resize=300%2C162&amp;ssl=1 300w\" sizes=\"auto, (max-width: 264px) 100vw, 264px\" \/><\/p>\n<p style=\"text-align: justify;\">\u00abFinanciado por la Uni\u00f3n Europea. Las opiniones y puntos de vista expresados solo comprometen a su(s) autor(es) y no reflejan necesariamente los de la Uni\u00f3n Europea ni los del Servicio Espa\u00f1ol para la Internacionalizaci\u00f3n de la Educaci\u00f3n (SEPIE). Ni la Uni\u00f3n Europea ni el SEPIE pueden ser considerados responsables de ellos.\u00bb.<\/p>\n","protected":false},"excerpt":{"rendered":"<p>From January 2026 to June 2027, IES Trevenque is taking part in a new Erasmus+ project. Funded by the European Commission under the Erasmus+ Programme \u2013 KA210-SCH Small-Scale Partnerships in School Education, and focusing on Artificial Intelligence (AI), IES Trevenque is the coordinating institution of this international project, which involves several educational institutions from four\u2026 <span class=\"read-more\"><a href=\"https:\/\/iestrevenque.es\/sitio\/2026\/09\/02\/erasmus-project-aischool-unlocking-the-power-of-artificial-intelligence-in-the-classroom\/\">Leer m\u00e1s &raquo;<\/a><\/span><\/p>\n","protected":false},"author":9,"featured_media":15429,"comment_status":"closed","ping_status":"open","sticky":false,"template":"","format":"standard","meta":{"ngg_post_thumbnail":0,"_jetpack_newsletter_access":"","_jetpack_dont_email_post_to_subs":false,"_jetpack_newsletter_tier_id":0,"_jetpack_memberships_contains_paywalled_content":false,"_jetpack_memberships_contains_paid_content":false,"footnotes":"","jetpack_post_was_ever_published":false},"categories":[41],"tags":[],"class_list":["post-15428","post","type-post","status-publish","format-standard","has-post-thumbnail","hentry","category-erasmus-aischool-unlocking-the-power"],"jetpack_sharing_enabled":true,"jetpack_shortlink":"https:\/\/wp.me\/pa47Ce-40Q","jetpack_featured_media_url":"https:\/\/i0.wp.com\/iestrevenque.es\/sitio\/wp-content\/uploads\/2026\/09\/ErasmusAIsep26_1.png?fit=407%2C271&ssl=1","_links":{"self":[{"href":"https:\/\/iestrevenque.es\/sitio\/wp-json\/wp\/v2\/posts\/15428","targetHints":{"allow":["GET"]}}],"collection":[{"href":"https:\/\/iestrevenque.es\/sitio\/wp-json\/wp\/v2\/posts"}],"about":[{"href":"https:\/\/iestrevenque.es\/sitio\/wp-json\/wp\/v2\/types\/post"}],"author":[{"embeddable":true,"href":"https:\/\/iestrevenque.es\/sitio\/wp-json\/wp\/v2\/users\/9"}],"replies":[{"embeddable":true,"href":"https:\/\/iestrevenque.es\/sitio\/wp-json\/wp\/v2\/comments?post=15428"}],"version-history":[{"count":4,"href":"https:\/\/iestrevenque.es\/sitio\/wp-json\/wp\/v2\/posts\/15428\/revisions"}],"predecessor-version":[{"id":15450,"href":"https:\/\/iestrevenque.es\/sitio\/wp-json\/wp\/v2\/posts\/15428\/revisions\/15450"}],"wp:featuredmedia":[{"embeddable":true,"href":"https:\/\/iestrevenque.es\/sitio\/wp-json\/wp\/v2\/media\/15429"}],"wp:attachment":[{"href":"https:\/\/iestrevenque.es\/sitio\/wp-json\/wp\/v2\/media?parent=15428"}],"wp:term":[{"taxonomy":"category","embeddable":true,"href":"https:\/\/iestrevenque.es\/sitio\/wp-json\/wp\/v2\/categories?post=15428"},{"taxonomy":"post_tag","embeddable":true,"href":"https:\/\/iestrevenque.es\/sitio\/wp-json\/wp\/v2\/tags?post=15428"}],"curies":[{"name":"wp","href":"https:\/\/api.w.org\/{rel}","templated":true}]}}