{"id":15432,"date":"2026-09-02T06:35:32","date_gmt":"2026-09-02T06:35:32","guid":{"rendered":"https:\/\/iestrevenque.es\/sitio\/?p=15432"},"modified":"2026-09-02T07:01:48","modified_gmt":"2026-09-02T07:01:48","slug":"first-online-meeting-for-project-management-january-26","status":"publish","type":"post","link":"https:\/\/iestrevenque.es\/sitio\/2026\/09\/02\/first-online-meeting-for-project-management-january-26\/","title":{"rendered":"First online meeting for project management (january 26)."},"content":{"rendered":"<p><img data-recalc-dims=\"1\" loading=\"lazy\" decoding=\"async\" class=\"wp-image-14853 size-medium aligncenter\" src=\"https:\/\/i0.wp.com\/iestrevenque.es\/sitio\/wp-content\/uploads\/2026\/02\/LogoErasmus1.png?resize=300%2C73&#038;ssl=1\" alt=\"\" width=\"300\" height=\"73\" srcset=\"https:\/\/i0.wp.com\/iestrevenque.es\/sitio\/wp-content\/uploads\/2026\/02\/LogoErasmus1.png?resize=300%2C73&amp;ssl=1 300w, https:\/\/i0.wp.com\/iestrevenque.es\/sitio\/wp-content\/uploads\/2026\/02\/LogoErasmus1.png?resize=1024%2C249&amp;ssl=1 1024w, https:\/\/i0.wp.com\/iestrevenque.es\/sitio\/wp-content\/uploads\/2026\/02\/LogoErasmus1.png?resize=768%2C187&amp;ssl=1 768w, https:\/\/i0.wp.com\/iestrevenque.es\/sitio\/wp-content\/uploads\/2026\/02\/LogoErasmus1.png?resize=660%2C160&amp;ssl=1 660w, https:\/\/i0.wp.com\/iestrevenque.es\/sitio\/wp-content\/uploads\/2026\/02\/LogoErasmus1.png?w=1111&amp;ssl=1 1111w\" sizes=\"auto, (max-width: 300px) 100vw, 300px\" \/><\/p>\n<p><img data-recalc-dims=\"1\" loading=\"lazy\" decoding=\"async\" class=\" wp-image-15433 aligncenter\" src=\"https:\/\/i0.wp.com\/iestrevenque.es\/sitio\/wp-content\/uploads\/2026\/09\/ErasmusAIsep26_2.png?resize=518%2C260&#038;ssl=1\" alt=\"\" width=\"518\" height=\"260\" srcset=\"https:\/\/i0.wp.com\/iestrevenque.es\/sitio\/wp-content\/uploads\/2026\/09\/ErasmusAIsep26_2.png?w=634&amp;ssl=1 634w, https:\/\/i0.wp.com\/iestrevenque.es\/sitio\/wp-content\/uploads\/2026\/09\/ErasmusAIsep26_2.png?resize=300%2C150&amp;ssl=1 300w\" sizes=\"auto, (max-width: 518px) 100vw, 518px\" \/><\/p>\n<p style=\"text-align: justify;\">On Wednesday, 14th January 2026 the first Online Meeting for Project Management was held and all partners attended the meeting and actively participated in it.<\/p>\n<p style=\"text-align: justify;\">The Finnish partner shared information about Transnational Teacher Workshop 1 in Finland, to be held in April. Activities A1-A14 in the Project Work Plan were discussed, with a special attention to the reports that need to be prepared.<\/p>\n<p style=\"text-align: justify;\">It was agreed that, due to the end of the Finish school year in June, those meetings and monthly project activities scheduled for June would be held in May.<\/p>\n<p style=\"text-align: justify;\">Finally, it was also agreed that Virtual Activity 1 with students would be held on February 23rd.<\/p>\n<p style=\"text-align: justify;\"><strong>FOR MORE INFORMATION ABOUT THE PROJECT,<\/strong> visit its website: <a href=\"https:\/\/sites.google.com\/view\/aischool-erasmus-project\/?pli=1\" target=\"_blank\" rel=\"noopener\">https:\/\/sites.google.com\/view\/aischool-erasmus-project\/?pli=1<\/a><\/p>\n<p><img data-recalc-dims=\"1\" loading=\"lazy\" decoding=\"async\" class=\" wp-image-15430 aligncenter\" src=\"https:\/\/i0.wp.com\/iestrevenque.es\/sitio\/wp-content\/uploads\/2026\/09\/ErasmusAI_Derehos1.png?resize=294%2C149&#038;ssl=1\" alt=\"\" width=\"294\" height=\"149\" srcset=\"https:\/\/i0.wp.com\/iestrevenque.es\/sitio\/wp-content\/uploads\/2026\/09\/ErasmusAI_Derehos1.png?w=361&amp;ssl=1 361w, https:\/\/i0.wp.com\/iestrevenque.es\/sitio\/wp-content\/uploads\/2026\/09\/ErasmusAI_Derehos1.png?resize=300%2C152&amp;ssl=1 300w\" sizes=\"auto, (max-width: 294px) 100vw, 294px\" \/><\/p>\n<p style=\"text-align: justify;\">\u201cFunded by the European Union. The views and opinions expressed are solely those of the author(s) and do not necessarily reflect those of the European Union or the Spanish Service for the Internationalisation of Education (SEPIE). Neither the European Union nor SEPIE can be held responsible for them.\u201d<\/p>\n<p>&nbsp;<\/p>\n<p style=\"text-align: center;\"><span style=\"color: #993300;\"><strong>PRIMERA REUNI\u00d3N ONLINE DE GESTI\u00d3N DEL PROYECTO (ENERO 26)<\/strong><\/span><\/p>\n<p><img data-recalc-dims=\"1\" loading=\"lazy\" decoding=\"async\" class=\"aligncenter wp-image-14853 size-medium\" src=\"https:\/\/i0.wp.com\/iestrevenque.es\/sitio\/wp-content\/uploads\/2026\/02\/LogoErasmus1.png?resize=300%2C73&#038;ssl=1\" alt=\"\" width=\"300\" height=\"73\" srcset=\"https:\/\/i0.wp.com\/iestrevenque.es\/sitio\/wp-content\/uploads\/2026\/02\/LogoErasmus1.png?resize=300%2C73&amp;ssl=1 300w, https:\/\/i0.wp.com\/iestrevenque.es\/sitio\/wp-content\/uploads\/2026\/02\/LogoErasmus1.png?resize=1024%2C249&amp;ssl=1 1024w, https:\/\/i0.wp.com\/iestrevenque.es\/sitio\/wp-content\/uploads\/2026\/02\/LogoErasmus1.png?resize=768%2C187&amp;ssl=1 768w, https:\/\/i0.wp.com\/iestrevenque.es\/sitio\/wp-content\/uploads\/2026\/02\/LogoErasmus1.png?resize=660%2C160&amp;ssl=1 660w, https:\/\/i0.wp.com\/iestrevenque.es\/sitio\/wp-content\/uploads\/2026\/02\/LogoErasmus1.png?w=1111&amp;ssl=1 1111w\" sizes=\"auto, (max-width: 300px) 100vw, 300px\" \/><\/p>\n<p><img data-recalc-dims=\"1\" loading=\"lazy\" decoding=\"async\" class=\" wp-image-15433 aligncenter\" src=\"https:\/\/i0.wp.com\/iestrevenque.es\/sitio\/wp-content\/uploads\/2026\/09\/ErasmusAIsep26_2.png?resize=520%2C261&#038;ssl=1\" alt=\"\" width=\"520\" height=\"261\" srcset=\"https:\/\/i0.wp.com\/iestrevenque.es\/sitio\/wp-content\/uploads\/2026\/09\/ErasmusAIsep26_2.png?w=634&amp;ssl=1 634w, https:\/\/i0.wp.com\/iestrevenque.es\/sitio\/wp-content\/uploads\/2026\/09\/ErasmusAIsep26_2.png?resize=300%2C150&amp;ssl=1 300w\" sizes=\"auto, (max-width: 520px) 100vw, 520px\" \/><\/p>\n<p style=\"text-align: justify;\">El mi\u00e9rcoles 14 de enero de 2026 se celebr\u00f3 la primera Reuni\u00f3n Online de Gesti\u00f3n del Proyecto, en la que participaron activamente todos los socios.<\/p>\n<p style=\"text-align: justify;\">El socio finland\u00e9s comparti\u00f3 informaci\u00f3n sobre el <strong>Primer Taller Transnacional de Docentes en Finlandia,<\/strong> que se celebrar\u00e1 en abril. Se analizaron las actividades <strong>A1-A14<\/strong> incluidas en el Plan de Trabajo del Proyecto, prestando especial atenci\u00f3n a los informes que deben prepararse.<\/p>\n<p style=\"text-align: justify;\">Se acord\u00f3 que, debido a la finalizaci\u00f3n del curso escolar en Finlandia en junio, las reuniones y actividades mensuales del proyecto previstas para ese mes se realizar\u00edan en mayo.<\/p>\n<p style=\"text-align: justify;\">Finalmente, tambi\u00e9n se acord\u00f3 que la <strong>Actividad Virtual 1 con estudiantes<\/strong> se celebrar\u00eda el <strong>23 de febrero. <\/strong><\/p>\n<p style=\"text-align: justify;\"><strong>PARA M\u00c1S INFORMACI\u00d3N SOBRE EL PROYECTO,<\/strong> visita su p\u00e1gina web: <a href=\"https:\/\/sites.google.com\/view\/aischool-erasmus-project\/?pli=1\" target=\"_blank\" rel=\"noopener\">https:\/\/sites.google.com\/view\/aischool-erasmus-project\/?pli=1<\/a><\/p>\n<p><img data-recalc-dims=\"1\" loading=\"lazy\" decoding=\"async\" class=\" wp-image-15444 aligncenter\" src=\"https:\/\/i0.wp.com\/iestrevenque.es\/sitio\/wp-content\/uploads\/2026\/09\/ErasmusAI_Derehos2.png?resize=255%2C138&#038;ssl=1\" alt=\"\" width=\"255\" height=\"138\" srcset=\"https:\/\/i0.wp.com\/iestrevenque.es\/sitio\/wp-content\/uploads\/2026\/09\/ErasmusAI_Derehos2.png?w=388&amp;ssl=1 388w, https:\/\/i0.wp.com\/iestrevenque.es\/sitio\/wp-content\/uploads\/2026\/09\/ErasmusAI_Derehos2.png?resize=300%2C162&amp;ssl=1 300w\" sizes=\"auto, (max-width: 255px) 100vw, 255px\" \/><\/p>\n<p style=\"text-align: justify;\">\u00abFinanciado por la Uni\u00f3n Europea. Las opiniones y puntos de vista expresados solo comprometen a su(s) autor(es) y no reflejan necesariamente los de la Uni\u00f3n Europea ni los del Servicio Espa\u00f1ol para la Internacionalizaci\u00f3n de la Educaci\u00f3n (SEPIE). Ni la Uni\u00f3n Europea ni el SEPIE pueden ser considerados responsables de ellos.\u00bb.<\/p>\n","protected":false},"excerpt":{"rendered":"<p>On Wednesday, 14th January 2026 the first Online Meeting for Project Management was held and all partners attended the meeting and actively participated in it. The Finnish partner shared information about Transnational Teacher Workshop 1 in Finland, to be held in April. Activities A1-A14 in the Project Work Plan were discussed, with a special attention\u2026 <span class=\"read-more\"><a href=\"https:\/\/iestrevenque.es\/sitio\/2026\/09\/02\/first-online-meeting-for-project-management-january-26\/\">Leer m\u00e1s &raquo;<\/a><\/span><\/p>\n","protected":false},"author":9,"featured_media":15433,"comment_status":"closed","ping_status":"open","sticky":false,"template":"","format":"standard","meta":{"ngg_post_thumbnail":0,"_jetpack_newsletter_access":"","_jetpack_dont_email_post_to_subs":false,"_jetpack_newsletter_tier_id":0,"_jetpack_memberships_contains_paywalled_content":false,"_jetpack_memberships_contains_paid_content":false,"footnotes":"","jetpack_post_was_ever_published":false},"categories":[41],"tags":[],"class_list":["post-15432","post","type-post","status-publish","format-standard","has-post-thumbnail","hentry","category-erasmus-aischool-unlocking-the-power"],"jetpack_sharing_enabled":true,"jetpack_shortlink":"https:\/\/wp.me\/pa47Ce-40U","jetpack_featured_media_url":"https:\/\/i0.wp.com\/iestrevenque.es\/sitio\/wp-content\/uploads\/2026\/09\/ErasmusAIsep26_2.png?fit=634%2C318&ssl=1","_links":{"self":[{"href":"https:\/\/iestrevenque.es\/sitio\/wp-json\/wp\/v2\/posts\/15432","targetHints":{"allow":["GET"]}}],"collection":[{"href":"https:\/\/iestrevenque.es\/sitio\/wp-json\/wp\/v2\/posts"}],"about":[{"href":"https:\/\/iestrevenque.es\/sitio\/wp-json\/wp\/v2\/types\/post"}],"author":[{"embeddable":true,"href":"https:\/\/iestrevenque.es\/sitio\/wp-json\/wp\/v2\/users\/9"}],"replies":[{"embeddable":true,"href":"https:\/\/iestrevenque.es\/sitio\/wp-json\/wp\/v2\/comments?post=15432"}],"version-history":[{"count":2,"href":"https:\/\/iestrevenque.es\/sitio\/wp-json\/wp\/v2\/posts\/15432\/revisions"}],"predecessor-version":[{"id":15449,"href":"https:\/\/iestrevenque.es\/sitio\/wp-json\/wp\/v2\/posts\/15432\/revisions\/15449"}],"wp:featuredmedia":[{"embeddable":true,"href":"https:\/\/iestrevenque.es\/sitio\/wp-json\/wp\/v2\/media\/15433"}],"wp:attachment":[{"href":"https:\/\/iestrevenque.es\/sitio\/wp-json\/wp\/v2\/media?parent=15432"}],"wp:term":[{"taxonomy":"category","embeddable":true,"href":"https:\/\/iestrevenque.es\/sitio\/wp-json\/wp\/v2\/categories?post=15432"},{"taxonomy":"post_tag","embeddable":true,"href":"https:\/\/iestrevenque.es\/sitio\/wp-json\/wp\/v2\/tags?post=15432"}],"curies":[{"name":"wp","href":"https:\/\/api.w.org\/{rel}","templated":true}]}}