{"id":15437,"date":"2026-09-02T06:50:56","date_gmt":"2026-09-02T06:50:56","guid":{"rendered":"https:\/\/iestrevenque.es\/sitio\/?p=15437"},"modified":"2026-09-02T07:00:59","modified_gmt":"2026-09-02T07:00:59","slug":"the-aischool-project-now-has-an-official-logo","status":"publish","type":"post","link":"https:\/\/iestrevenque.es\/sitio\/2026\/09\/02\/the-aischool-project-now-has-an-official-logo\/","title":{"rendered":"The AI@School project now has an official logo."},"content":{"rendered":"<p><img data-recalc-dims=\"1\" loading=\"lazy\" decoding=\"async\" class=\"aligncenter wp-image-14853 size-medium\" src=\"https:\/\/i0.wp.com\/iestrevenque.es\/sitio\/wp-content\/uploads\/2026\/02\/LogoErasmus1.png?resize=300%2C73&#038;ssl=1\" alt=\"\" width=\"300\" height=\"73\" srcset=\"https:\/\/i0.wp.com\/iestrevenque.es\/sitio\/wp-content\/uploads\/2026\/02\/LogoErasmus1.png?resize=300%2C73&amp;ssl=1 300w, https:\/\/i0.wp.com\/iestrevenque.es\/sitio\/wp-content\/uploads\/2026\/02\/LogoErasmus1.png?resize=1024%2C249&amp;ssl=1 1024w, https:\/\/i0.wp.com\/iestrevenque.es\/sitio\/wp-content\/uploads\/2026\/02\/LogoErasmus1.png?resize=768%2C187&amp;ssl=1 768w, https:\/\/i0.wp.com\/iestrevenque.es\/sitio\/wp-content\/uploads\/2026\/02\/LogoErasmus1.png?resize=660%2C160&amp;ssl=1 660w, https:\/\/i0.wp.com\/iestrevenque.es\/sitio\/wp-content\/uploads\/2026\/02\/LogoErasmus1.png?w=1111&amp;ssl=1 1111w\" sizes=\"auto, (max-width: 300px) 100vw, 300px\" \/><\/p>\n<p><img data-recalc-dims=\"1\" loading=\"lazy\" decoding=\"async\" class=\"size-full wp-image-15438 aligncenter\" src=\"https:\/\/i0.wp.com\/iestrevenque.es\/sitio\/wp-content\/uploads\/2026\/09\/ErasmusAIsep26_3.png?resize=276%2C252&#038;ssl=1\" alt=\"\" width=\"276\" height=\"252\"><\/p>\n<p style=\"text-align: justify;\">Our Erasmus+ project on Artificial Intelligence now has an official logo. As a result of the voting process held as part of the <strong>Project Logo Competition<\/strong>, the winning design, chosen by a majority vote, was the one submitted by the students of <strong>OOU \u201cNaum Naumovski Borche\u201d in North Macedonia. <\/strong><\/p>\n<p style=\"text-align: justify;\">The logo candidate submitted by IES Trevenque for the competition came in second place.<\/p>\n<p style=\"text-align: justify;\"><strong>FOR MORE INFORMATION ABOUT THE PROJECT,<\/strong> visit its website: <a href=\"https:\/\/sites.google.com\/view\/aischool-erasmus-project\/?pli=1\" target=\"_blank\" rel=\"noopener\">https:\/\/sites.google.com\/view\/aischool-erasmus-project\/?pli=1<\/a><\/p>\n<p><img data-recalc-dims=\"1\" loading=\"lazy\" decoding=\"async\" class=\" wp-image-15430 aligncenter\" src=\"https:\/\/i0.wp.com\/iestrevenque.es\/sitio\/wp-content\/uploads\/2026\/09\/ErasmusAI_Derehos1.png?resize=258%2C131&#038;ssl=1\" alt=\"\" width=\"258\" height=\"131\" srcset=\"https:\/\/i0.wp.com\/iestrevenque.es\/sitio\/wp-content\/uploads\/2026\/09\/ErasmusAI_Derehos1.png?w=361&amp;ssl=1 361w, https:\/\/i0.wp.com\/iestrevenque.es\/sitio\/wp-content\/uploads\/2026\/09\/ErasmusAI_Derehos1.png?resize=300%2C152&amp;ssl=1 300w\" sizes=\"auto, (max-width: 258px) 100vw, 258px\" \/><\/p>\n<p style=\"text-align: justify;\">\u201cFunded by the European Union. The views and opinions expressed are solely those of the author(s) and do not necessarily reflect those of the European Union or the Spanish Service for the Internationalisation of Education (SEPIE). Neither the European Union nor SEPIE can be held responsible for them.\u201d<\/p>\n<p>&nbsp;<\/p>\n<p style=\"text-align: center;\"><span style=\"color: #993300;\"><strong>EL PROYECTO AI@SCHOOL YA TIENE LOGO OFICIAL.<\/strong><\/span><\/p>\n<p><img data-recalc-dims=\"1\" loading=\"lazy\" decoding=\"async\" class=\"aligncenter wp-image-14853 size-medium\" src=\"https:\/\/i0.wp.com\/iestrevenque.es\/sitio\/wp-content\/uploads\/2026\/02\/LogoErasmus1.png?resize=300%2C73&#038;ssl=1\" alt=\"\" width=\"300\" height=\"73\" srcset=\"https:\/\/i0.wp.com\/iestrevenque.es\/sitio\/wp-content\/uploads\/2026\/02\/LogoErasmus1.png?resize=300%2C73&amp;ssl=1 300w, https:\/\/i0.wp.com\/iestrevenque.es\/sitio\/wp-content\/uploads\/2026\/02\/LogoErasmus1.png?resize=1024%2C249&amp;ssl=1 1024w, https:\/\/i0.wp.com\/iestrevenque.es\/sitio\/wp-content\/uploads\/2026\/02\/LogoErasmus1.png?resize=768%2C187&amp;ssl=1 768w, https:\/\/i0.wp.com\/iestrevenque.es\/sitio\/wp-content\/uploads\/2026\/02\/LogoErasmus1.png?resize=660%2C160&amp;ssl=1 660w, https:\/\/i0.wp.com\/iestrevenque.es\/sitio\/wp-content\/uploads\/2026\/02\/LogoErasmus1.png?w=1111&amp;ssl=1 1111w\" sizes=\"auto, (max-width: 300px) 100vw, 300px\" \/><\/p>\n<p><img data-recalc-dims=\"1\" loading=\"lazy\" decoding=\"async\" class=\" wp-image-15438 aligncenter\" src=\"https:\/\/i0.wp.com\/iestrevenque.es\/sitio\/wp-content\/uploads\/2026\/09\/ErasmusAIsep26_3.png?resize=254%2C232&#038;ssl=1\" alt=\"\" width=\"254\" height=\"232\"><\/p>\n<p style=\"text-align: justify;\">Nuestro proyecto Erasmus+ sobre IA ya tiene logo oficial. Como resultado de la votaci\u00f3n dentro del <strong>Concurso para el Logo del Proyecto<\/strong>, el ganador por mayor\u00eda ha sido el presentado por los alumnos del centro <strong>OOU \u2018Naum Naumovski Borche\u2019 de Macedonia del Norte. <\/strong><\/p>\n<p style=\"text-align: justify;\">El logo candidato presentado por el IES Trevenque al concurso ha quedado en segunda posici\u00f3n.<\/p>\n<p style=\"text-align: justify;\"><strong>PARA M\u00c1S INFORMACI\u00d3N SOBRE EL PROYECTO,<\/strong> visita su p\u00e1gina web: <a href=\"https:\/\/sites.google.com\/view\/aischool-erasmus-project\/?pli=1\" target=\"_blank\" rel=\"noopener\">https:\/\/sites.google.com\/view\/aischool-erasmus-project\/?pli=1<\/a><\/p>\n<p><img data-recalc-dims=\"1\" loading=\"lazy\" decoding=\"async\" class=\" wp-image-15444 aligncenter\" src=\"https:\/\/i0.wp.com\/iestrevenque.es\/sitio\/wp-content\/uploads\/2026\/09\/ErasmusAI_Derehos2.png?resize=250%2C135&#038;ssl=1\" alt=\"\" width=\"250\" height=\"135\" srcset=\"https:\/\/i0.wp.com\/iestrevenque.es\/sitio\/wp-content\/uploads\/2026\/09\/ErasmusAI_Derehos2.png?w=388&amp;ssl=1 388w, https:\/\/i0.wp.com\/iestrevenque.es\/sitio\/wp-content\/uploads\/2026\/09\/ErasmusAI_Derehos2.png?resize=300%2C162&amp;ssl=1 300w\" sizes=\"auto, (max-width: 250px) 100vw, 250px\" \/><\/p>\n<p style=\"text-align: justify;\">\u00abFinanciado por la Uni\u00f3n Europea. Las opiniones y puntos de vista expresados solo comprometen a su(s) autor(es) y no reflejan necesariamente los de la Uni\u00f3n Europea ni los del Servicio Espa\u00f1ol para la Internacionalizaci\u00f3n de la Educaci\u00f3n (SEPIE). Ni la Uni\u00f3n Europea ni el SEPIE pueden ser considerados responsables de ellos.\u00bb.<\/p>\n","protected":false},"excerpt":{"rendered":"<p>Our Erasmus+ project on Artificial Intelligence now has an official logo. As a result of the voting process held as part of the Project Logo Competition, the winning design, chosen by a majority vote, was the one submitted by the students of OOU \u201cNaum Naumovski Borche\u201d in North Macedonia. The logo candidate submitted by IES\u2026 <span class=\"read-more\"><a href=\"https:\/\/iestrevenque.es\/sitio\/2026\/09\/02\/the-aischool-project-now-has-an-official-logo\/\">Leer m\u00e1s &raquo;<\/a><\/span><\/p>\n","protected":false},"author":9,"featured_media":15438,"comment_status":"closed","ping_status":"open","sticky":false,"template":"","format":"standard","meta":{"ngg_post_thumbnail":0,"_jetpack_newsletter_access":"","_jetpack_dont_email_post_to_subs":false,"_jetpack_newsletter_tier_id":0,"_jetpack_memberships_contains_paywalled_content":false,"_jetpack_memberships_contains_paid_content":false,"footnotes":"","jetpack_post_was_ever_published":false},"categories":[41],"tags":[],"class_list":["post-15437","post","type-post","status-publish","format-standard","has-post-thumbnail","hentry","category-erasmus-aischool-unlocking-the-power"],"jetpack_sharing_enabled":true,"jetpack_shortlink":"https:\/\/wp.me\/pa47Ce-40Z","jetpack_featured_media_url":"https:\/\/i0.wp.com\/iestrevenque.es\/sitio\/wp-content\/uploads\/2026\/09\/ErasmusAIsep26_3.png?fit=276%2C252&ssl=1","_links":{"self":[{"href":"https:\/\/iestrevenque.es\/sitio\/wp-json\/wp\/v2\/posts\/15437","targetHints":{"allow":["GET"]}}],"collection":[{"href":"https:\/\/iestrevenque.es\/sitio\/wp-json\/wp\/v2\/posts"}],"about":[{"href":"https:\/\/iestrevenque.es\/sitio\/wp-json\/wp\/v2\/types\/post"}],"author":[{"embeddable":true,"href":"https:\/\/iestrevenque.es\/sitio\/wp-json\/wp\/v2\/users\/9"}],"replies":[{"embeddable":true,"href":"https:\/\/iestrevenque.es\/sitio\/wp-json\/wp\/v2\/comments?post=15437"}],"version-history":[{"count":3,"href":"https:\/\/iestrevenque.es\/sitio\/wp-json\/wp\/v2\/posts\/15437\/revisions"}],"predecessor-version":[{"id":15448,"href":"https:\/\/iestrevenque.es\/sitio\/wp-json\/wp\/v2\/posts\/15437\/revisions\/15448"}],"wp:featuredmedia":[{"embeddable":true,"href":"https:\/\/iestrevenque.es\/sitio\/wp-json\/wp\/v2\/media\/15438"}],"wp:attachment":[{"href":"https:\/\/iestrevenque.es\/sitio\/wp-json\/wp\/v2\/media?parent=15437"}],"wp:term":[{"taxonomy":"category","embeddable":true,"href":"https:\/\/iestrevenque.es\/sitio\/wp-json\/wp\/v2\/categories?post=15437"},{"taxonomy":"post_tag","embeddable":true,"href":"https:\/\/iestrevenque.es\/sitio\/wp-json\/wp\/v2\/tags?post=15437"}],"curies":[{"name":"wp","href":"https:\/\/api.w.org\/{rel}","templated":true}]}}