{"id":15461,"date":"2026-09-02T07:32:56","date_gmt":"2026-09-02T07:32:56","guid":{"rendered":"https:\/\/iestrevenque.es\/sitio\/?p=15461"},"modified":"2026-09-02T07:32:56","modified_gmt":"2026-09-02T07:32:56","slug":"first-transnational-activity-in-nurmijarvi-finland","status":"publish","type":"post","link":"https:\/\/iestrevenque.es\/sitio\/2026\/09\/02\/first-transnational-activity-in-nurmijarvi-finland\/","title":{"rendered":"First transnational activity in Nurmij\u00e4rvi (Finland)."},"content":{"rendered":"<p><img data-recalc-dims=\"1\" loading=\"lazy\" decoding=\"async\" class=\"aligncenter wp-image-14853 size-medium\" src=\"https:\/\/i0.wp.com\/iestrevenque.es\/sitio\/wp-content\/uploads\/2026\/02\/LogoErasmus1.png?resize=300%2C73&#038;ssl=1\" alt=\"\" width=\"300\" height=\"73\" srcset=\"https:\/\/i0.wp.com\/iestrevenque.es\/sitio\/wp-content\/uploads\/2026\/02\/LogoErasmus1.png?resize=300%2C73&amp;ssl=1 300w, https:\/\/i0.wp.com\/iestrevenque.es\/sitio\/wp-content\/uploads\/2026\/02\/LogoErasmus1.png?resize=1024%2C249&amp;ssl=1 1024w, https:\/\/i0.wp.com\/iestrevenque.es\/sitio\/wp-content\/uploads\/2026\/02\/LogoErasmus1.png?resize=768%2C187&amp;ssl=1 768w, https:\/\/i0.wp.com\/iestrevenque.es\/sitio\/wp-content\/uploads\/2026\/02\/LogoErasmus1.png?resize=660%2C160&amp;ssl=1 660w, https:\/\/i0.wp.com\/iestrevenque.es\/sitio\/wp-content\/uploads\/2026\/02\/LogoErasmus1.png?w=1111&amp;ssl=1 1111w\" sizes=\"auto, (max-width: 300px) 100vw, 300px\" \/><\/p>\n<p><img data-recalc-dims=\"1\" loading=\"lazy\" decoding=\"async\" class=\"aligncenter wp-image-15462 \" src=\"https:\/\/i0.wp.com\/iestrevenque.es\/sitio\/wp-content\/uploads\/2026\/09\/ErasmusAIsep26_9.png?resize=665%2C356&#038;ssl=1\" alt=\"\" width=\"665\" height=\"356\" srcset=\"https:\/\/i0.wp.com\/iestrevenque.es\/sitio\/wp-content\/uploads\/2026\/09\/ErasmusAIsep26_9.png?w=1075&amp;ssl=1 1075w, https:\/\/i0.wp.com\/iestrevenque.es\/sitio\/wp-content\/uploads\/2026\/09\/ErasmusAIsep26_9.png?resize=300%2C161&amp;ssl=1 300w, https:\/\/i0.wp.com\/iestrevenque.es\/sitio\/wp-content\/uploads\/2026\/09\/ErasmusAIsep26_9.png?resize=1024%2C549&amp;ssl=1 1024w, https:\/\/i0.wp.com\/iestrevenque.es\/sitio\/wp-content\/uploads\/2026\/09\/ErasmusAIsep26_9.png?resize=768%2C412&amp;ssl=1 768w, https:\/\/i0.wp.com\/iestrevenque.es\/sitio\/wp-content\/uploads\/2026\/09\/ErasmusAIsep26_9.png?resize=660%2C354&amp;ssl=1 660w\" sizes=\"auto, (max-width: 665px) 100vw, 665px\" \/>&nbsp;<\/p>\n<p style=\"text-align: justify;\">From Sunday 26th April to Thursday 30th April, two teachers from the Erasmus+ Team at IES Trevenque took part in the first transnational activity of the Erasmus+ AI@School project, held in Nurmij\u00e4rvi, near Helsinki, Finland.<\/p>\n<p style=\"text-align: justify;\">It was an intense three-day programme of work, cooperation, the exchange of good educational practices, and social activities.<\/p>\n<p style=\"text-align: justify;\">The first day began with presentations of the different schools participating in the project, followed by a welcome from the Finnish host school. This was followed by working sessions, and the day ended with a visit to the lake near the school, as well as sports and team-building activities.<\/p>\n<p style=\"text-align: justify;\">The second working day was more theoretical, with sessions on AI literacy and the ethics of using AI, during which all participants shared their ideas on how to promote and improve its responsible use. Afterwards, we watched a promotional video about the region at the local cinema and visited the town of Porvoo to round off the day.<\/p>\n<p style=\"text-align: justify;\">Thursday was devoted to a series of presentations on the current state of AI use at each participating school. The day concluded with a very enriching exchange of ideas on how to continue developing the project during the upcoming transnational activities. The programme ended with a visit to the city of Helsinki.<\/p>\n<p style=\"text-align: justify;\"><strong>FOR MORE INFORMATION ABOUT THE PROJECT,<\/strong> visit its website: <a href=\"https:\/\/sites.google.com\/view\/aischool-erasmus-project\/?pli=1\" target=\"_blank\" rel=\"noopener\">https:\/\/sites.google.com\/view\/aischool-erasmus-project\/?pli=1<\/a><\/p>\n<p><img data-recalc-dims=\"1\" loading=\"lazy\" decoding=\"async\" class=\" wp-image-15430 aligncenter\" src=\"https:\/\/i0.wp.com\/iestrevenque.es\/sitio\/wp-content\/uploads\/2026\/09\/ErasmusAI_Derehos1.png?resize=262%2C133&#038;ssl=1\" alt=\"\" width=\"262\" height=\"133\" srcset=\"https:\/\/i0.wp.com\/iestrevenque.es\/sitio\/wp-content\/uploads\/2026\/09\/ErasmusAI_Derehos1.png?w=361&amp;ssl=1 361w, https:\/\/i0.wp.com\/iestrevenque.es\/sitio\/wp-content\/uploads\/2026\/09\/ErasmusAI_Derehos1.png?resize=300%2C152&amp;ssl=1 300w\" sizes=\"auto, (max-width: 262px) 100vw, 262px\" \/><\/p>\n<p style=\"text-align: justify;\">\u201cFunded by the European Union. The views and opinions expressed are solely those of the author(s) and do not necessarily reflect those of the European Union or the Spanish Service for the Internationalisation of Education (SEPIE). Neither the European Union nor SEPIE can be held responsible for them.\u201d<\/p>\n<p>&nbsp;<\/p>\n<p style=\"text-align: center;\"><span style=\"color: #993300;\"><strong>PRIMERA ACTIVIDAD TRANSNACIONAL EN NURMIJ\u00c4RVI (FINLANDIA)<\/strong><\/span><\/p>\n<p><img data-recalc-dims=\"1\" loading=\"lazy\" decoding=\"async\" class=\"aligncenter wp-image-14853 size-medium\" src=\"https:\/\/i0.wp.com\/iestrevenque.es\/sitio\/wp-content\/uploads\/2026\/02\/LogoErasmus1.png?resize=300%2C73&#038;ssl=1\" alt=\"\" width=\"300\" height=\"73\" srcset=\"https:\/\/i0.wp.com\/iestrevenque.es\/sitio\/wp-content\/uploads\/2026\/02\/LogoErasmus1.png?resize=300%2C73&amp;ssl=1 300w, https:\/\/i0.wp.com\/iestrevenque.es\/sitio\/wp-content\/uploads\/2026\/02\/LogoErasmus1.png?resize=1024%2C249&amp;ssl=1 1024w, https:\/\/i0.wp.com\/iestrevenque.es\/sitio\/wp-content\/uploads\/2026\/02\/LogoErasmus1.png?resize=768%2C187&amp;ssl=1 768w, https:\/\/i0.wp.com\/iestrevenque.es\/sitio\/wp-content\/uploads\/2026\/02\/LogoErasmus1.png?resize=660%2C160&amp;ssl=1 660w, https:\/\/i0.wp.com\/iestrevenque.es\/sitio\/wp-content\/uploads\/2026\/02\/LogoErasmus1.png?w=1111&amp;ssl=1 1111w\" sizes=\"auto, (max-width: 300px) 100vw, 300px\" \/><\/p>\n<p><img data-recalc-dims=\"1\" loading=\"lazy\" decoding=\"async\" class=\" wp-image-15462 aligncenter\" src=\"https:\/\/i0.wp.com\/iestrevenque.es\/sitio\/wp-content\/uploads\/2026\/09\/ErasmusAIsep26_9.png?resize=665%2C356&#038;ssl=1\" alt=\"\" width=\"665\" height=\"356\" srcset=\"https:\/\/i0.wp.com\/iestrevenque.es\/sitio\/wp-content\/uploads\/2026\/09\/ErasmusAIsep26_9.png?w=1075&amp;ssl=1 1075w, https:\/\/i0.wp.com\/iestrevenque.es\/sitio\/wp-content\/uploads\/2026\/09\/ErasmusAIsep26_9.png?resize=300%2C161&amp;ssl=1 300w, https:\/\/i0.wp.com\/iestrevenque.es\/sitio\/wp-content\/uploads\/2026\/09\/ErasmusAIsep26_9.png?resize=1024%2C549&amp;ssl=1 1024w, https:\/\/i0.wp.com\/iestrevenque.es\/sitio\/wp-content\/uploads\/2026\/09\/ErasmusAIsep26_9.png?resize=768%2C412&amp;ssl=1 768w, https:\/\/i0.wp.com\/iestrevenque.es\/sitio\/wp-content\/uploads\/2026\/09\/ErasmusAIsep26_9.png?resize=660%2C354&amp;ssl=1 660w\" sizes=\"auto, (max-width: 665px) 100vw, 665px\" \/><\/p>\n<p style=\"text-align: justify;\">Desde el domingo 26 al jueves 30 de abril, 2 profesores pertenecientes al Equipo Erasmus+ del IES Trevenque han participado en la primera actividad transnacional del proyecto Erasmus+ AI@School, celebrada en la localidad de Nurmij\u00e4rvi, cerca de Helsinki, Finlandia.<\/p>\n<p style=\"text-align: justify;\">Han sido tres jornadas de trabajo intenso, cooperaci\u00f3n, intercambio de buenas pr\u00e1cticas educativas y de convivencia.<\/p>\n<p style=\"text-align: justify;\">La primera jornada comenz\u00f3 con la presentaci\u00f3n de los diferentes centros que participan en el proyecto y la bienvenida por parte del centro finland\u00e9s anfitri\u00f3n. Le siguieron las sesiones de trabajo y el d\u00eda termin\u00f3 con una visita al lago cercano al centro y actividades deportivas y de convivencia.<\/p>\n<p style=\"text-align: justify;\">El segundo d\u00eda de trabajo fue m\u00e1s te\u00f3rico con sesiones sobre la alfabetizaci\u00f3n dentro de la IA y sobre la \u00e9tica en el uso de la misma, con la aportaci\u00f3n de todos los participantes sobre c\u00f3mo mejorar su uso. Despu\u00e9s, el visionado de un v\u00eddeo promocional de la regi\u00f3n en el cine local y la visita a la localidad de Porvoo para terminar la jornada.<\/p>\n<p style=\"text-align: justify;\">El jueves estuvo dedicado a una ronda de presentaciones sobre la situaci\u00f3n del uso de la IA en cada centro participante que termin\u00f3 con un intercambio muy rico de ideas para continuar con el proyecto en las pr\u00f3ximas actividades transnacionales. La jornada concluy\u00f3 con una visita a la ciudad de Helsinki.<\/p>\n<p style=\"text-align: justify;\"><strong>PARA M\u00c1S INFORMACI\u00d3N SOBRE EL PROYECTO,<\/strong> visita su p\u00e1gina web: <a href=\"https:\/\/sites.google.com\/view\/aischool-erasmus-project\/?pli=1\" target=\"_blank\" rel=\"noopener\">https:\/\/sites.google.com\/view\/aischool-erasmus-project\/?pli=1<\/a><\/p>\n<p><img data-recalc-dims=\"1\" loading=\"lazy\" decoding=\"async\" class=\" wp-image-15444 aligncenter\" src=\"https:\/\/i0.wp.com\/iestrevenque.es\/sitio\/wp-content\/uploads\/2026\/09\/ErasmusAI_Derehos2.png?resize=264%2C143&#038;ssl=1\" alt=\"\" width=\"264\" height=\"143\" srcset=\"https:\/\/i0.wp.com\/iestrevenque.es\/sitio\/wp-content\/uploads\/2026\/09\/ErasmusAI_Derehos2.png?w=388&amp;ssl=1 388w, https:\/\/i0.wp.com\/iestrevenque.es\/sitio\/wp-content\/uploads\/2026\/09\/ErasmusAI_Derehos2.png?resize=300%2C162&amp;ssl=1 300w\" sizes=\"auto, (max-width: 264px) 100vw, 264px\" \/><\/p>\n<p style=\"text-align: justify;\">\u00abFinanciado por la Uni\u00f3n Europea. Las opiniones y puntos de vista expresados solo comprometen a su(s) autor(es) y no reflejan necesariamente los de la Uni\u00f3n Europea ni los del Servicio Espa\u00f1ol para la Internacionalizaci\u00f3n de la Educaci\u00f3n (SEPIE). Ni la Uni\u00f3n Europea ni el SEPIE pueden ser considerados responsables de ellos.\u00bb.<\/p>\n","protected":false},"excerpt":{"rendered":"<p>&nbsp; From Sunday 26th April to Thursday 30th April, two teachers from the Erasmus+ Team at IES Trevenque took part in the first transnational activity of the Erasmus+ AI@School project, held in Nurmij\u00e4rvi, near Helsinki, Finland. It was an intense three-day programme of work, cooperation, the exchange of good educational practices, and social activities. The\u2026 <span class=\"read-more\"><a href=\"https:\/\/iestrevenque.es\/sitio\/2026\/09\/02\/first-transnational-activity-in-nurmijarvi-finland\/\">Leer m\u00e1s &raquo;<\/a><\/span><\/p>\n","protected":false},"author":9,"featured_media":15463,"comment_status":"closed","ping_status":"open","sticky":false,"template":"","format":"standard","meta":{"ngg_post_thumbnail":0,"_jetpack_newsletter_access":"","_jetpack_dont_email_post_to_subs":false,"_jetpack_newsletter_tier_id":0,"_jetpack_memberships_contains_paywalled_content":false,"_jetpack_memberships_contains_paid_content":false,"footnotes":"","jetpack_post_was_ever_published":false},"categories":[41],"tags":[],"class_list":["post-15461","post","type-post","status-publish","format-standard","has-post-thumbnail","hentry","category-erasmus-aischool-unlocking-the-power"],"jetpack_sharing_enabled":true,"jetpack_shortlink":"https:\/\/wp.me\/pa47Ce-41n","jetpack_featured_media_url":"https:\/\/i0.wp.com\/iestrevenque.es\/sitio\/wp-content\/uploads\/2026\/09\/ErasmusAIsep26_10.png?fit=392%2C292&ssl=1","_links":{"self":[{"href":"https:\/\/iestrevenque.es\/sitio\/wp-json\/wp\/v2\/posts\/15461","targetHints":{"allow":["GET"]}}],"collection":[{"href":"https:\/\/iestrevenque.es\/sitio\/wp-json\/wp\/v2\/posts"}],"about":[{"href":"https:\/\/iestrevenque.es\/sitio\/wp-json\/wp\/v2\/types\/post"}],"author":[{"embeddable":true,"href":"https:\/\/iestrevenque.es\/sitio\/wp-json\/wp\/v2\/users\/9"}],"replies":[{"embeddable":true,"href":"https:\/\/iestrevenque.es\/sitio\/wp-json\/wp\/v2\/comments?post=15461"}],"version-history":[{"count":1,"href":"https:\/\/iestrevenque.es\/sitio\/wp-json\/wp\/v2\/posts\/15461\/revisions"}],"predecessor-version":[{"id":15464,"href":"https:\/\/iestrevenque.es\/sitio\/wp-json\/wp\/v2\/posts\/15461\/revisions\/15464"}],"wp:featuredmedia":[{"embeddable":true,"href":"https:\/\/iestrevenque.es\/sitio\/wp-json\/wp\/v2\/media\/15463"}],"wp:attachment":[{"href":"https:\/\/iestrevenque.es\/sitio\/wp-json\/wp\/v2\/media?parent=15461"}],"wp:term":[{"taxonomy":"category","embeddable":true,"href":"https:\/\/iestrevenque.es\/sitio\/wp-json\/wp\/v2\/categories?post=15461"},{"taxonomy":"post_tag","embeddable":true,"href":"https:\/\/iestrevenque.es\/sitio\/wp-json\/wp\/v2\/tags?post=15461"}],"curies":[{"name":"wp","href":"https:\/\/api.w.org\/{rel}","templated":true}]}}