{"id":15465,"date":"2026-09-02T07:38:23","date_gmt":"2026-09-02T07:38:23","guid":{"rendered":"https:\/\/iestrevenque.es\/sitio\/?p=15465"},"modified":"2026-09-02T07:38:23","modified_gmt":"2026-09-02T07:38:23","slug":"local-workshop-after-the-transnational-activity-in-finland","status":"publish","type":"post","link":"https:\/\/iestrevenque.es\/sitio\/2026\/09\/02\/local-workshop-after-the-transnational-activity-in-finland\/","title":{"rendered":"Local workshop after the transnational activity in Finland."},"content":{"rendered":"<p><img data-recalc-dims=\"1\" loading=\"lazy\" decoding=\"async\" class=\"aligncenter wp-image-14853 size-medium\" src=\"https:\/\/i0.wp.com\/iestrevenque.es\/sitio\/wp-content\/uploads\/2026\/02\/LogoErasmus1.png?resize=300%2C73&#038;ssl=1\" alt=\"\" width=\"300\" height=\"73\" srcset=\"https:\/\/i0.wp.com\/iestrevenque.es\/sitio\/wp-content\/uploads\/2026\/02\/LogoErasmus1.png?resize=300%2C73&amp;ssl=1 300w, https:\/\/i0.wp.com\/iestrevenque.es\/sitio\/wp-content\/uploads\/2026\/02\/LogoErasmus1.png?resize=1024%2C249&amp;ssl=1 1024w, https:\/\/i0.wp.com\/iestrevenque.es\/sitio\/wp-content\/uploads\/2026\/02\/LogoErasmus1.png?resize=768%2C187&amp;ssl=1 768w, https:\/\/i0.wp.com\/iestrevenque.es\/sitio\/wp-content\/uploads\/2026\/02\/LogoErasmus1.png?resize=660%2C160&amp;ssl=1 660w, https:\/\/i0.wp.com\/iestrevenque.es\/sitio\/wp-content\/uploads\/2026\/02\/LogoErasmus1.png?w=1111&amp;ssl=1 1111w\" sizes=\"auto, (max-width: 300px) 100vw, 300px\" \/><\/p>\n<p><img data-recalc-dims=\"1\" loading=\"lazy\" decoding=\"async\" class=\" wp-image-15466 aligncenter\" src=\"https:\/\/i0.wp.com\/iestrevenque.es\/sitio\/wp-content\/uploads\/2026\/09\/ErasmusAIsep26_11.png?resize=665%2C352&#038;ssl=1\" alt=\"\" width=\"665\" height=\"352\" srcset=\"https:\/\/i0.wp.com\/iestrevenque.es\/sitio\/wp-content\/uploads\/2026\/09\/ErasmusAIsep26_11.png?w=1105&amp;ssl=1 1105w, https:\/\/i0.wp.com\/iestrevenque.es\/sitio\/wp-content\/uploads\/2026\/09\/ErasmusAIsep26_11.png?resize=300%2C159&amp;ssl=1 300w, https:\/\/i0.wp.com\/iestrevenque.es\/sitio\/wp-content\/uploads\/2026\/09\/ErasmusAIsep26_11.png?resize=1024%2C541&amp;ssl=1 1024w, https:\/\/i0.wp.com\/iestrevenque.es\/sitio\/wp-content\/uploads\/2026\/09\/ErasmusAIsep26_11.png?resize=768%2C406&amp;ssl=1 768w, https:\/\/i0.wp.com\/iestrevenque.es\/sitio\/wp-content\/uploads\/2026\/09\/ErasmusAIsep26_11.png?resize=660%2C349&amp;ssl=1 660w, https:\/\/i0.wp.com\/iestrevenque.es\/sitio\/wp-content\/uploads\/2026\/09\/ErasmusAIsep26_11.png?resize=380%2C200&amp;ssl=1 380w\" sizes=\"auto, (max-width: 665px) 100vw, 665px\" \/><\/p>\n<p style=\"text-align: justify;\">Following the first transnational activity of the Erasmus+ AI@School project held in Finland, the two participating teachers led a local workshop to share with the entire IES Trevenque educational community the good teaching practices related to the use of AI in the classroom that they had learned about and exchanged in Finland.<\/p>\n<p style=\"text-align: justify;\">The workshop took place on Monday, 25th May, in the school\u2019s BISUM. Following a previous visit to deliver the invitation to the event, teachers from the IES Trevenque Erasmus+ team, members of the school management team and teaching staff, representatives of the Vientos del Trevenque Parents\u2019 Association (AMPA), the La Zubia Town Council, IES Laurel de la Reina and the feeder schools attended the workshop.<\/p>\n<p style=\"text-align: justify;\"><strong>FOR MORE INFORMATION ABOUT THE PROJECT,<\/strong> visit its website: <a href=\"https:\/\/sites.google.com\/view\/aischool-erasmus-project\/?pli=1\" target=\"_blank\" rel=\"noopener\">https:\/\/sites.google.com\/view\/aischool-erasmus-project\/?pli=1&nbsp;<\/a><\/p>\n<p><img data-recalc-dims=\"1\" loading=\"lazy\" decoding=\"async\" class=\" wp-image-15430 aligncenter\" src=\"https:\/\/i0.wp.com\/iestrevenque.es\/sitio\/wp-content\/uploads\/2026\/09\/ErasmusAI_Derehos1.png?resize=252%2C128&#038;ssl=1\" alt=\"\" width=\"252\" height=\"128\" srcset=\"https:\/\/i0.wp.com\/iestrevenque.es\/sitio\/wp-content\/uploads\/2026\/09\/ErasmusAI_Derehos1.png?w=361&amp;ssl=1 361w, https:\/\/i0.wp.com\/iestrevenque.es\/sitio\/wp-content\/uploads\/2026\/09\/ErasmusAI_Derehos1.png?resize=300%2C152&amp;ssl=1 300w\" sizes=\"auto, (max-width: 252px) 100vw, 252px\" \/><\/p>\n<p style=\"text-align: justify;\">\u201cFunded by the European Union. The views and opinions expressed are solely those of the author(s) and do not necessarily reflect those of the European Union or the Spanish Service for the Internationalisation of Education (SEPIE). Neither the European Union nor SEPIE can be held responsible for them.\u201d &nbsp;<\/p>\n<p>&nbsp;<\/p>\n<p style=\"text-align: center;\"><span style=\"color: #993300;\"><strong>TALLER LOCAL TRAS LA ACTIVIDAD TRANSNACIONAL EN FINLANDIA.<\/strong><\/span><\/p>\n<p><img data-recalc-dims=\"1\" loading=\"lazy\" decoding=\"async\" class=\"aligncenter wp-image-14853 size-medium\" src=\"https:\/\/i0.wp.com\/iestrevenque.es\/sitio\/wp-content\/uploads\/2026\/02\/LogoErasmus1.png?resize=300%2C73&#038;ssl=1\" alt=\"\" width=\"300\" height=\"73\" srcset=\"https:\/\/i0.wp.com\/iestrevenque.es\/sitio\/wp-content\/uploads\/2026\/02\/LogoErasmus1.png?resize=300%2C73&amp;ssl=1 300w, https:\/\/i0.wp.com\/iestrevenque.es\/sitio\/wp-content\/uploads\/2026\/02\/LogoErasmus1.png?resize=1024%2C249&amp;ssl=1 1024w, https:\/\/i0.wp.com\/iestrevenque.es\/sitio\/wp-content\/uploads\/2026\/02\/LogoErasmus1.png?resize=768%2C187&amp;ssl=1 768w, https:\/\/i0.wp.com\/iestrevenque.es\/sitio\/wp-content\/uploads\/2026\/02\/LogoErasmus1.png?resize=660%2C160&amp;ssl=1 660w, https:\/\/i0.wp.com\/iestrevenque.es\/sitio\/wp-content\/uploads\/2026\/02\/LogoErasmus1.png?w=1111&amp;ssl=1 1111w\" sizes=\"auto, (max-width: 300px) 100vw, 300px\" \/><\/p>\n<p><img data-recalc-dims=\"1\" loading=\"lazy\" decoding=\"async\" class=\" wp-image-15466 aligncenter\" src=\"https:\/\/i0.wp.com\/iestrevenque.es\/sitio\/wp-content\/uploads\/2026\/09\/ErasmusAIsep26_11.png?resize=665%2C351&#038;ssl=1\" alt=\"\" width=\"665\" height=\"351\" srcset=\"https:\/\/i0.wp.com\/iestrevenque.es\/sitio\/wp-content\/uploads\/2026\/09\/ErasmusAIsep26_11.png?w=1105&amp;ssl=1 1105w, https:\/\/i0.wp.com\/iestrevenque.es\/sitio\/wp-content\/uploads\/2026\/09\/ErasmusAIsep26_11.png?resize=300%2C159&amp;ssl=1 300w, https:\/\/i0.wp.com\/iestrevenque.es\/sitio\/wp-content\/uploads\/2026\/09\/ErasmusAIsep26_11.png?resize=1024%2C541&amp;ssl=1 1024w, https:\/\/i0.wp.com\/iestrevenque.es\/sitio\/wp-content\/uploads\/2026\/09\/ErasmusAIsep26_11.png?resize=768%2C406&amp;ssl=1 768w, https:\/\/i0.wp.com\/iestrevenque.es\/sitio\/wp-content\/uploads\/2026\/09\/ErasmusAIsep26_11.png?resize=660%2C349&amp;ssl=1 660w, https:\/\/i0.wp.com\/iestrevenque.es\/sitio\/wp-content\/uploads\/2026\/09\/ErasmusAIsep26_11.png?resize=380%2C200&amp;ssl=1 380w\" sizes=\"auto, (max-width: 665px) 100vw, 665px\" \/><\/p>\n<p>Tras la primera actividad transnacional del proyecto Erasmus+ AI@School celebrada en Finlandia, los dos profesores participantes en la misma han liderado un taller local para compartir con toda la comunidad educativa del IES Trevenque las buenas pr\u00e1cticas educativas en lo que al uso de la IA en el aula se refiere que han aprendido e intercambiado en Finlandia.<\/p>\n<p>Este taller se celebr\u00f3 el lunes 25 de mayo en el BISUM del centro y, previa visita para la entrega de la invitaci\u00f3n al mismo, acudieron los profesores miembros del equipo Eramus+ del IES Trevenque, el equipo directivo, miembros del claustro, representantes del AMPA Vientos del Trevenque, del ayto. de La Zubia, del IES Laurel de la Reina y de los centros adscritos. Una tarde para compartir y aprender.<\/p>\n<p><strong>PARA M\u00c1S INFORMACI\u00d3N SOBRE EL PROYECTO,<\/strong> visita su p\u00e1gina web: <a href=\"https:\/\/sites.google.com\/view\/aischool-erasmus-project\/?pli=1\" target=\"_blank\" rel=\"noopener\">https:\/\/sites.google.com\/view\/aischool-erasmus-project\/?pli=1<\/a><\/p>\n<p><img data-recalc-dims=\"1\" loading=\"lazy\" decoding=\"async\" class=\" wp-image-15444 aligncenter\" src=\"https:\/\/i0.wp.com\/iestrevenque.es\/sitio\/wp-content\/uploads\/2026\/09\/ErasmusAI_Derehos2.png?resize=232%2C126&#038;ssl=1\" alt=\"\" width=\"232\" height=\"126\" srcset=\"https:\/\/i0.wp.com\/iestrevenque.es\/sitio\/wp-content\/uploads\/2026\/09\/ErasmusAI_Derehos2.png?w=388&amp;ssl=1 388w, https:\/\/i0.wp.com\/iestrevenque.es\/sitio\/wp-content\/uploads\/2026\/09\/ErasmusAI_Derehos2.png?resize=300%2C162&amp;ssl=1 300w\" sizes=\"auto, (max-width: 232px) 100vw, 232px\" \/><\/p>\n<p>\u00abFinanciado por la Uni\u00f3n Europea. Las opiniones y puntos de vista expresados solo comprometen a su(s) autor(es) y no reflejan necesariamente los de la Uni\u00f3n Europea ni los del Servicio Espa\u00f1ol para la Internacionalizaci\u00f3n de la Educaci\u00f3n (SEPIE). Ni la Uni\u00f3n Europea ni el SEPIE pueden ser considerados responsables de ellos.\u00bb.<\/p>\n","protected":false},"excerpt":{"rendered":"<p>Following the first transnational activity of the Erasmus+ AI@School project held in Finland, the two participating teachers led a local workshop to share with the entire IES Trevenque educational community the good teaching practices related to the use of AI in the classroom that they had learned about and exchanged in Finland. The workshop took\u2026 <span class=\"read-more\"><a href=\"https:\/\/iestrevenque.es\/sitio\/2026\/09\/02\/local-workshop-after-the-transnational-activity-in-finland\/\">Leer m\u00e1s &raquo;<\/a><\/span><\/p>\n","protected":false},"author":9,"featured_media":15467,"comment_status":"closed","ping_status":"open","sticky":false,"template":"","format":"standard","meta":{"ngg_post_thumbnail":0,"_jetpack_newsletter_access":"","_jetpack_dont_email_post_to_subs":false,"_jetpack_newsletter_tier_id":0,"_jetpack_memberships_contains_paywalled_content":false,"_jetpack_memberships_contains_paid_content":false,"footnotes":"","jetpack_post_was_ever_published":false},"categories":[41],"tags":[],"class_list":["post-15465","post","type-post","status-publish","format-standard","has-post-thumbnail","hentry","category-erasmus-aischool-unlocking-the-power"],"jetpack_sharing_enabled":true,"jetpack_shortlink":"https:\/\/wp.me\/pa47Ce-41r","jetpack_featured_media_url":"https:\/\/i0.wp.com\/iestrevenque.es\/sitio\/wp-content\/uploads\/2026\/09\/ErasmusAIsep26_12.png?fit=388%2C288&ssl=1","_links":{"self":[{"href":"https:\/\/iestrevenque.es\/sitio\/wp-json\/wp\/v2\/posts\/15465","targetHints":{"allow":["GET"]}}],"collection":[{"href":"https:\/\/iestrevenque.es\/sitio\/wp-json\/wp\/v2\/posts"}],"about":[{"href":"https:\/\/iestrevenque.es\/sitio\/wp-json\/wp\/v2\/types\/post"}],"author":[{"embeddable":true,"href":"https:\/\/iestrevenque.es\/sitio\/wp-json\/wp\/v2\/users\/9"}],"replies":[{"embeddable":true,"href":"https:\/\/iestrevenque.es\/sitio\/wp-json\/wp\/v2\/comments?post=15465"}],"version-history":[{"count":1,"href":"https:\/\/iestrevenque.es\/sitio\/wp-json\/wp\/v2\/posts\/15465\/revisions"}],"predecessor-version":[{"id":15468,"href":"https:\/\/iestrevenque.es\/sitio\/wp-json\/wp\/v2\/posts\/15465\/revisions\/15468"}],"wp:featuredmedia":[{"embeddable":true,"href":"https:\/\/iestrevenque.es\/sitio\/wp-json\/wp\/v2\/media\/15467"}],"wp:attachment":[{"href":"https:\/\/iestrevenque.es\/sitio\/wp-json\/wp\/v2\/media?parent=15465"}],"wp:term":[{"taxonomy":"category","embeddable":true,"href":"https:\/\/iestrevenque.es\/sitio\/wp-json\/wp\/v2\/categories?post=15465"},{"taxonomy":"post_tag","embeddable":true,"href":"https:\/\/iestrevenque.es\/sitio\/wp-json\/wp\/v2\/tags?post=15465"}],"curies":[{"name":"wp","href":"https:\/\/api.w.org\/{rel}","templated":true}]}}