{"id":2206,"date":"2019-03-30T19:21:53","date_gmt":"2019-03-30T19:21:53","guid":{"rendered":"http:\/\/iestrevenque.es\/sitio\/?p=2206"},"modified":"2019-03-30T19:21:53","modified_gmt":"2019-03-30T19:21:53","slug":"taller-de-escritura","status":"publish","type":"post","link":"https:\/\/iestrevenque.es\/sitio\/2019\/03\/30\/taller-de-escritura\/","title":{"rendered":"TALLER DE ESCRITURA"},"content":{"rendered":"<p style=\"text-align: justify;\">El Departamento de Lat\u00edn y Griego, desde la asignatura de Cultura Cl\u00e1sica, organiza un taller donde los alumnos(as)&nbsp;realizan un viaje a trav\u00e9s de la historia de la escritura:&nbsp; desde las primeras pinturas hasta el revolucionario invento del alfabeto, pasando por los complejos sistemas ideogr\u00e1ficos. Aprender\u00e1n a identificar los signos de los principales alfabetos de la antig\u00fcedad, c\u00f3mo funcionaban y c\u00f3mo se convirtieron en el nuestro.&nbsp;Ver\u00e1n los diferentes soportes sobre los que la humanidad ha escrito y con qu\u00e9 herramientas, y comprobar\u00e1n que todav\u00eda en la actualidad perviven muchos y variados sistemas de escritura, s\u00edmbolos representativos de diferentes culturas.<\/p>\nngg_shortcode_0_placeholder\n","protected":false},"excerpt":{"rendered":"<p>El Departamento de Lat\u00edn y Griego, desde la asignatura de Cultura Cl\u00e1sica, organiza un taller donde los alumnos(as)&nbsp;realizan un viaje a trav\u00e9s de la historia de la escritura:&nbsp; desde las primeras pinturas hasta el revolucionario invento del alfabeto, pasando por los complejos sistemas ideogr\u00e1ficos. Aprender\u00e1n a identificar los signos de los principales alfabetos de la\u2026 <span class=\"read-more\"><a href=\"https:\/\/iestrevenque.es\/sitio\/2019\/03\/30\/taller-de-escritura\/\">Leer m\u00e1s &raquo;<\/a><\/span><\/p>\n","protected":false},"author":8,"featured_media":2207,"comment_status":"closed","ping_status":"open","sticky":false,"template":"","format":"standard","meta":{"ngg_post_thumbnail":0,"jetpack_post_was_ever_published":false,"_jetpack_newsletter_access":"","_jetpack_dont_email_post_to_subs":false,"_jetpack_newsletter_tier_id":0,"_jetpack_memberships_contains_paywalled_content":false,"_jetpack_memberships_contains_paid_content":false,"footnotes":""},"categories":[9],"tags":[],"class_list":["post-2206","post","type-post","status-publish","format-standard","has-post-thumbnail","hentry","category-extraescolares-y-complementarias"],"jetpack_featured_media_url":"https:\/\/i0.wp.com\/iestrevenque.es\/sitio\/wp-content\/uploads\/ngg_featured\/WhatsApp-Image-2019-03-04-at-09.01.581.jpeg?fit=1600%2C1200&ssl=1","jetpack_sharing_enabled":true,"jetpack_shortlink":"https:\/\/wp.me\/pa47Ce-zA","_links":{"self":[{"href":"https:\/\/iestrevenque.es\/sitio\/wp-json\/wp\/v2\/posts\/2206","targetHints":{"allow":["GET"]}}],"collection":[{"href":"https:\/\/iestrevenque.es\/sitio\/wp-json\/wp\/v2\/posts"}],"about":[{"href":"https:\/\/iestrevenque.es\/sitio\/wp-json\/wp\/v2\/types\/post"}],"author":[{"embeddable":true,"href":"https:\/\/iestrevenque.es\/sitio\/wp-json\/wp\/v2\/users\/8"}],"replies":[{"embeddable":true,"href":"https:\/\/iestrevenque.es\/sitio\/wp-json\/wp\/v2\/comments?post=2206"}],"version-history":[{"count":1,"href":"https:\/\/iestrevenque.es\/sitio\/wp-json\/wp\/v2\/posts\/2206\/revisions"}],"predecessor-version":[{"id":2208,"href":"https:\/\/iestrevenque.es\/sitio\/wp-json\/wp\/v2\/posts\/2206\/revisions\/2208"}],"wp:featuredmedia":[{"embeddable":true,"href":"https:\/\/iestrevenque.es\/sitio\/wp-json\/wp\/v2\/media\/2207"}],"wp:attachment":[{"href":"https:\/\/iestrevenque.es\/sitio\/wp-json\/wp\/v2\/media?parent=2206"}],"wp:term":[{"taxonomy":"category","embeddable":true,"href":"https:\/\/iestrevenque.es\/sitio\/wp-json\/wp\/v2\/categories?post=2206"},{"taxonomy":"post_tag","embeddable":true,"href":"https:\/\/iestrevenque.es\/sitio\/wp-json\/wp\/v2\/tags?post=2206"}],"curies":[{"name":"wp","href":"https:\/\/api.w.org\/{rel}","templated":true}]}}