{"id":2457,"date":"2019-05-24T16:15:45","date_gmt":"2019-05-24T16:15:45","guid":{"rendered":"http:\/\/iestrevenque.es\/sitio\/?p=2457"},"modified":"2019-05-24T16:15:45","modified_gmt":"2019-05-24T16:15:45","slug":"symposion-convivium-organizado-por-el-departamento-de-latin-y-griego","status":"publish","type":"post","link":"https:\/\/iestrevenque.es\/sitio\/2019\/05\/24\/symposion-convivium-organizado-por-el-departamento-de-latin-y-griego\/","title":{"rendered":"Symposion-Convivium organizado por el Departamento de Lat\u00edn y Griego"},"content":{"rendered":"<p style=\"text-align: justify\">El jueves 23 de mayo los alumnos y alumnas de lat\u00edn y griego de 1\u00b0 y 2\u00b0 de bachillerato de Humanidades pudieron disfrutar de un aut\u00e9ntico Symposion-Convivium organizado por el Departamento de Lat\u00edn y Griego: Himnos a los dioses, comida muy sabrosa, vestimentas, m\u00fasica y bailes griegos y romanos; poes\u00eda,&nbsp; cuentamitos, un trivial de cultura grecorromana y la visita al Or\u00e1culo de Apolo han amenizado el banquete.<\/p>\n<h3 style=\"text-align: center\">Gracias a nuestro alumnado por su activa participaci\u00f3n.<\/h3>\nngg_shortcode_0_placeholder\n","protected":false},"excerpt":{"rendered":"<p>El jueves 23 de mayo los alumnos y alumnas de lat\u00edn y griego de 1\u00b0 y 2\u00b0 de bachillerato de Humanidades pudieron disfrutar de un aut\u00e9ntico Symposion-Convivium organizado por el Departamento de Lat\u00edn y Griego: Himnos a los dioses, comida muy sabrosa, vestimentas, m\u00fasica y bailes griegos y romanos; poes\u00eda,&nbsp; cuentamitos, un trivial de cultura\u2026 <span class=\"read-more\"><a href=\"https:\/\/iestrevenque.es\/sitio\/2019\/05\/24\/symposion-convivium-organizado-por-el-departamento-de-latin-y-griego\/\">Leer m\u00e1s &raquo;<\/a><\/span><\/p>\n","protected":false},"author":3,"featured_media":2499,"comment_status":"closed","ping_status":"open","sticky":false,"template":"","format":"standard","meta":{"ngg_post_thumbnail":0,"jetpack_post_was_ever_published":false,"_jetpack_newsletter_access":"","_jetpack_dont_email_post_to_subs":false,"_jetpack_newsletter_tier_id":0,"_jetpack_memberships_contains_paywalled_content":false,"_jetpack_memberships_contains_paid_content":false,"footnotes":""},"categories":[9],"tags":[],"class_list":["post-2457","post","type-post","status-publish","format-standard","has-post-thumbnail","hentry","category-extraescolares-y-complementarias"],"jetpack_featured_media_url":"https:\/\/i0.wp.com\/iestrevenque.es\/sitio\/wp-content\/uploads\/2019\/05\/PHOTO-2019-05-24-16-05-58.jpg?fit=1600%2C1200&ssl=1","jetpack_sharing_enabled":true,"jetpack_shortlink":"https:\/\/wp.me\/pa47Ce-DD","_links":{"self":[{"href":"https:\/\/iestrevenque.es\/sitio\/wp-json\/wp\/v2\/posts\/2457","targetHints":{"allow":["GET"]}}],"collection":[{"href":"https:\/\/iestrevenque.es\/sitio\/wp-json\/wp\/v2\/posts"}],"about":[{"href":"https:\/\/iestrevenque.es\/sitio\/wp-json\/wp\/v2\/types\/post"}],"author":[{"embeddable":true,"href":"https:\/\/iestrevenque.es\/sitio\/wp-json\/wp\/v2\/users\/3"}],"replies":[{"embeddable":true,"href":"https:\/\/iestrevenque.es\/sitio\/wp-json\/wp\/v2\/comments?post=2457"}],"version-history":[{"count":2,"href":"https:\/\/iestrevenque.es\/sitio\/wp-json\/wp\/v2\/posts\/2457\/revisions"}],"predecessor-version":[{"id":2500,"href":"https:\/\/iestrevenque.es\/sitio\/wp-json\/wp\/v2\/posts\/2457\/revisions\/2500"}],"wp:featuredmedia":[{"embeddable":true,"href":"https:\/\/iestrevenque.es\/sitio\/wp-json\/wp\/v2\/media\/2499"}],"wp:attachment":[{"href":"https:\/\/iestrevenque.es\/sitio\/wp-json\/wp\/v2\/media?parent=2457"}],"wp:term":[{"taxonomy":"category","embeddable":true,"href":"https:\/\/iestrevenque.es\/sitio\/wp-json\/wp\/v2\/categories?post=2457"},{"taxonomy":"post_tag","embeddable":true,"href":"https:\/\/iestrevenque.es\/sitio\/wp-json\/wp\/v2\/tags?post=2457"}],"curies":[{"name":"wp","href":"https:\/\/api.w.org\/{rel}","templated":true}]}}