{"id":407,"date":"2018-09-14T12:24:49","date_gmt":"2018-09-14T12:24:49","guid":{"rendered":"http:\/\/iestrevenque.es\/sitio\/?p=407"},"modified":"2018-09-14T12:24:49","modified_gmt":"2018-09-14T12:24:49","slug":"actividades-extraescolares-de-refuerzo","status":"publish","type":"post","link":"https:\/\/iestrevenque.es\/sitio\/2018\/09\/14\/actividades-extraescolares-de-refuerzo\/","title":{"rendered":"Actividades extraescolares de refuerzo"},"content":{"rendered":"<p>Abierto el plazo para la inscripci\u00f3n en las actividades extraescolares de refuerzo por la tarde en el IES Trevenque.&nbsp;Este a\u00f1o se ofertan cuatro materias:<\/p>\n<ul>\n<li>Apoyo Ingl\u00e9s<\/li>\n<li>Apoyo Matem\u00e1ticas<\/li>\n<li>Apoyo Lengua<\/li>\n<li>Apoyo Franc\u00e9s<\/li>\n<\/ul>\n<p>La inscripci\u00f3n deber\u00e1 entregarse en Secretar\u00eda desde hoy hasta el 25 de septiembre. Las clases empezar\u00e1n a impartirse el 1 de octubre.<\/p>\n<p>Para m\u00e1s informaci\u00f3n, ver el siguiente <a href=\"https:\/\/iestrevenque.es\/sitio\/wp-content\/uploads\/2018\/09\/inscripcion.pdf\" target=\"_blank\" rel=\"noopener\">enlace:<\/a><\/p>\n<p>[pdfjs-viewer url=\u00bbhttp%3A%2F%2Fiestrevenque.es%2Fsitio%2Fwp-content%2Fuploads%2F2018%2F09%2Finscripcion.pdf\u00bb viewer_width=100% viewer_height=1360px fullscreen=true download=true print=true]<\/p>\n","protected":false},"excerpt":{"rendered":"<p>Abierto el plazo para la inscripci\u00f3n en las actividades extraescolares de refuerzo por la tarde en el IES Trevenque.&nbsp;Este a\u00f1o se ofertan cuatro materias: Apoyo Ingl\u00e9s Apoyo Matem\u00e1ticas Apoyo Lengua Apoyo Franc\u00e9s La inscripci\u00f3n deber\u00e1 entregarse en Secretar\u00eda desde hoy hasta el 25 de septiembre. Las clases empezar\u00e1n a impartirse el 1 de octubre. Para\u2026 <span class=\"read-more\"><a href=\"https:\/\/iestrevenque.es\/sitio\/2018\/09\/14\/actividades-extraescolares-de-refuerzo\/\">Leer m\u00e1s &raquo;<\/a><\/span><\/p>\n","protected":false},"author":8,"featured_media":0,"comment_status":"closed","ping_status":"open","sticky":false,"template":"","format":"standard","meta":{"ngg_post_thumbnail":0,"jetpack_post_was_ever_published":false,"_jetpack_newsletter_access":"","_jetpack_dont_email_post_to_subs":false,"_jetpack_newsletter_tier_id":0,"_jetpack_memberships_contains_paywalled_content":false,"_jetpack_memberships_contains_paid_content":false,"footnotes":""},"categories":[9],"tags":[],"class_list":["post-407","post","type-post","status-publish","format-standard","hentry","category-extraescolares-y-complementarias"],"jetpack_featured_media_url":"","jetpack_sharing_enabled":true,"jetpack_shortlink":"https:\/\/wp.me\/pa47Ce-6z","_links":{"self":[{"href":"https:\/\/iestrevenque.es\/sitio\/wp-json\/wp\/v2\/posts\/407","targetHints":{"allow":["GET"]}}],"collection":[{"href":"https:\/\/iestrevenque.es\/sitio\/wp-json\/wp\/v2\/posts"}],"about":[{"href":"https:\/\/iestrevenque.es\/sitio\/wp-json\/wp\/v2\/types\/post"}],"author":[{"embeddable":true,"href":"https:\/\/iestrevenque.es\/sitio\/wp-json\/wp\/v2\/users\/8"}],"replies":[{"embeddable":true,"href":"https:\/\/iestrevenque.es\/sitio\/wp-json\/wp\/v2\/comments?post=407"}],"version-history":[{"count":1,"href":"https:\/\/iestrevenque.es\/sitio\/wp-json\/wp\/v2\/posts\/407\/revisions"}],"predecessor-version":[{"id":409,"href":"https:\/\/iestrevenque.es\/sitio\/wp-json\/wp\/v2\/posts\/407\/revisions\/409"}],"wp:attachment":[{"href":"https:\/\/iestrevenque.es\/sitio\/wp-json\/wp\/v2\/media?parent=407"}],"wp:term":[{"taxonomy":"category","embeddable":true,"href":"https:\/\/iestrevenque.es\/sitio\/wp-json\/wp\/v2\/categories?post=407"},{"taxonomy":"post_tag","embeddable":true,"href":"https:\/\/iestrevenque.es\/sitio\/wp-json\/wp\/v2\/tags?post=407"}],"curies":[{"name":"wp","href":"https:\/\/api.w.org\/{rel}","templated":true}]}}