{"id":490,"date":"2018-10-09T09:05:52","date_gmt":"2018-10-09T09:05:52","guid":{"rendered":"http:\/\/iestrevenque.es\/sitio\/?p=490"},"modified":"2018-10-09T09:10:56","modified_gmt":"2018-10-09T09:10:56","slug":"inauguracion-del-curso-escolar-2018-2019","status":"publish","type":"post","link":"https:\/\/iestrevenque.es\/sitio\/2018\/10\/09\/inauguracion-del-curso-escolar-2018-2019\/","title":{"rendered":"INAUGURACI\u00d3N DEL CURSO ESCOLAR 2018\/2019"},"content":{"rendered":"<p>El viernes 5 de octubre tuvo lugar en el SUM, la lecci\u00f3n inaugural del curso escolar 2018 &#8211; 19:<br \/>\n\u00abA Walk of Life. Un paseo por el ingl\u00e9s, la literatura y el rock -&#8216;n&#8217;- roll\u00bb.<br \/>\nDon Nicol\u00e1s Lanzadera Garc\u00eda, anterior profesor de ingl\u00e9s del IES Trevenque, tuvo la amabilidad de prepararla e impartirla al alumnado de segundo de bachillerato y profesorado all\u00ed presente.<\/p>\nngg_shortcode_0_placeholder\n<p>&nbsp;<\/p>\n","protected":false},"excerpt":{"rendered":"<p>El viernes 5 de octubre tuvo lugar en el SUM, la lecci\u00f3n inaugural del curso escolar 2018 &#8211; 19: \u00abA Walk of Life. Un paseo por el ingl\u00e9s, la literatura y el rock -&#8216;n&#8217;- roll\u00bb. Don Nicol\u00e1s Lanzadera Garc\u00eda, anterior profesor de ingl\u00e9s del IES Trevenque, tuvo la amabilidad de prepararla e impartirla al alumnado\u2026 <span class=\"read-more\"><a href=\"https:\/\/iestrevenque.es\/sitio\/2018\/10\/09\/inauguracion-del-curso-escolar-2018-2019\/\">Leer m\u00e1s &raquo;<\/a><\/span><\/p>\n","protected":false},"author":3,"featured_media":0,"comment_status":"closed","ping_status":"open","sticky":false,"template":"","format":"standard","meta":{"ngg_post_thumbnail":0,"jetpack_post_was_ever_published":false,"_jetpack_newsletter_access":"","_jetpack_dont_email_post_to_subs":false,"_jetpack_newsletter_tier_id":0,"_jetpack_memberships_contains_paywalled_content":false,"_jetpack_memberships_contains_paid_content":false,"footnotes":""},"categories":[9],"tags":[],"class_list":["post-490","post","type-post","status-publish","format-standard","hentry","category-extraescolares-y-complementarias"],"jetpack_featured_media_url":"","jetpack_sharing_enabled":true,"jetpack_shortlink":"https:\/\/wp.me\/pa47Ce-7U","_links":{"self":[{"href":"https:\/\/iestrevenque.es\/sitio\/wp-json\/wp\/v2\/posts\/490","targetHints":{"allow":["GET"]}}],"collection":[{"href":"https:\/\/iestrevenque.es\/sitio\/wp-json\/wp\/v2\/posts"}],"about":[{"href":"https:\/\/iestrevenque.es\/sitio\/wp-json\/wp\/v2\/types\/post"}],"author":[{"embeddable":true,"href":"https:\/\/iestrevenque.es\/sitio\/wp-json\/wp\/v2\/users\/3"}],"replies":[{"embeddable":true,"href":"https:\/\/iestrevenque.es\/sitio\/wp-json\/wp\/v2\/comments?post=490"}],"version-history":[{"count":3,"href":"https:\/\/iestrevenque.es\/sitio\/wp-json\/wp\/v2\/posts\/490\/revisions"}],"predecessor-version":[{"id":515,"href":"https:\/\/iestrevenque.es\/sitio\/wp-json\/wp\/v2\/posts\/490\/revisions\/515"}],"wp:attachment":[{"href":"https:\/\/iestrevenque.es\/sitio\/wp-json\/wp\/v2\/media?parent=490"}],"wp:term":[{"taxonomy":"category","embeddable":true,"href":"https:\/\/iestrevenque.es\/sitio\/wp-json\/wp\/v2\/categories?post=490"},{"taxonomy":"post_tag","embeddable":true,"href":"https:\/\/iestrevenque.es\/sitio\/wp-json\/wp\/v2\/tags?post=490"}],"curies":[{"name":"wp","href":"https:\/\/api.w.org\/{rel}","templated":true}]}}