{"id":5000,"date":"2020-07-31T13:06:46","date_gmt":"2020-07-31T13:06:46","guid":{"rendered":"http:\/\/iestrevenque.es\/sitio\/?p=5000"},"modified":"2020-08-27T09:50:59","modified_gmt":"2020-08-27T09:50:59","slug":"instrucciones-con-motivo-de-la-covid-19-para-los-examenes-de-septiembre-2020","status":"publish","type":"post","link":"https:\/\/iestrevenque.es\/sitio\/2020\/07\/31\/instrucciones-con-motivo-de-la-covid-19-para-los-examenes-de-septiembre-2020\/","title":{"rendered":"INSTRUCCIONES con motivo de la COVID-19 para los EX\u00c1MENES de SEPTIEMBRE 2020"},"content":{"rendered":"<p style=\"text-align: justify;\">Estimadas familias, durante los d\u00edas 1 y 2 de septiembre tendr\u00e1n lugar los ex\u00e1menes de recuperaci\u00f3n del curso 2019\/2020. Aunque el riesgo de contagio siempre est\u00e1 presente, desde el Centro se est\u00e1n tomando una serie de medidas para la tranquilidad a las familias.&nbsp;El protocolo de actuaci\u00f3n que estamos terminando nos proporcionar\u00e1 la mayor seguridad posible en el Centro.<br \/>\nA continuaci\u00f3n, os mostramos las normas a tener en cuenta para acudir a realizar los ex\u00e1menes de septiembre:<\/p>\n<p style=\"text-align: center;\"><a href=\"https:\/\/iestrevenque.es\/sitio\/wp-content\/uploads\/2020\/07\/INSTRUCCIONES-CON-MOTIVO-DE-LA-COVID-19-PARA-LAS-PRUEBAS-EXTRAORDINARIAS-DE-SEPTIEMBRE-DE-2020-DEL-IES-TREVENQUE.pdf\" class=\"pdfemb-viewer\" style=\"\" data-width=\"max\" data-height=\"max\" data-mobile-width=\"500\"  data-scrollbar=\"none\" data-download=\"on\" data-tracking=\"on\" data-newwindow=\"on\" data-pagetextbox=\"off\" data-scrolltotop=\"off\" data-startzoom=\"100\" data-startfpzoom=\"100\" data-toolbar=\"both\" data-toolbar-fixed=\"on\">INSTRUCCIONES CON MOTIVO DE LA COVID-19 PARA LAS PRUEBAS EXTRAORDINARIAS DE SEPTIEMBRE DE 2020 DEL IES TREVENQUE<br\/><\/a><\/p>\n<p style=\"text-align: justify;\">&nbsp;<\/p>\n<p>&nbsp;<\/p>\n<p>&nbsp;<\/p>\n","protected":false},"excerpt":{"rendered":"<p>Estimadas familias, durante los d\u00edas 1 y 2 de septiembre tendr\u00e1n lugar los ex\u00e1menes de recuperaci\u00f3n del curso 2019\/2020. Aunque el riesgo de contagio siempre est\u00e1 presente, desde el Centro se est\u00e1n tomando una serie de medidas para la tranquilidad a las familias.&nbsp;El protocolo de actuaci\u00f3n que estamos terminando nos proporcionar\u00e1 la mayor seguridad posible\u2026 <span class=\"read-more\"><a href=\"https:\/\/iestrevenque.es\/sitio\/2020\/07\/31\/instrucciones-con-motivo-de-la-covid-19-para-los-examenes-de-septiembre-2020\/\">Leer m\u00e1s &raquo;<\/a><\/span><\/p>\n","protected":false},"author":3,"featured_media":5004,"comment_status":"closed","ping_status":"open","sticky":false,"template":"","format":"standard","meta":{"ngg_post_thumbnail":0,"jetpack_post_was_ever_published":false,"_jetpack_newsletter_access":"","_jetpack_dont_email_post_to_subs":false,"_jetpack_newsletter_tier_id":0,"_jetpack_memberships_contains_paywalled_content":false,"_jetpack_memberships_contains_paid_content":false,"footnotes":""},"categories":[8],"tags":[],"class_list":["post-5000","post","type-post","status-publish","format-standard","has-post-thumbnail","hentry","category-administracion"],"jetpack_featured_media_url":"https:\/\/i0.wp.com\/iestrevenque.es\/sitio\/wp-content\/uploads\/2020\/07\/descarga-1.jpg?fit=301%2C168&ssl=1","jetpack_sharing_enabled":true,"jetpack_shortlink":"https:\/\/wp.me\/pa47Ce-1iE","_links":{"self":[{"href":"https:\/\/iestrevenque.es\/sitio\/wp-json\/wp\/v2\/posts\/5000","targetHints":{"allow":["GET"]}}],"collection":[{"href":"https:\/\/iestrevenque.es\/sitio\/wp-json\/wp\/v2\/posts"}],"about":[{"href":"https:\/\/iestrevenque.es\/sitio\/wp-json\/wp\/v2\/types\/post"}],"author":[{"embeddable":true,"href":"https:\/\/iestrevenque.es\/sitio\/wp-json\/wp\/v2\/users\/3"}],"replies":[{"embeddable":true,"href":"https:\/\/iestrevenque.es\/sitio\/wp-json\/wp\/v2\/comments?post=5000"}],"version-history":[{"count":8,"href":"https:\/\/iestrevenque.es\/sitio\/wp-json\/wp\/v2\/posts\/5000\/revisions"}],"predecessor-version":[{"id":5033,"href":"https:\/\/iestrevenque.es\/sitio\/wp-json\/wp\/v2\/posts\/5000\/revisions\/5033"}],"wp:featuredmedia":[{"embeddable":true,"href":"https:\/\/iestrevenque.es\/sitio\/wp-json\/wp\/v2\/media\/5004"}],"wp:attachment":[{"href":"https:\/\/iestrevenque.es\/sitio\/wp-json\/wp\/v2\/media?parent=5000"}],"wp:term":[{"taxonomy":"category","embeddable":true,"href":"https:\/\/iestrevenque.es\/sitio\/wp-json\/wp\/v2\/categories?post=5000"},{"taxonomy":"post_tag","embeddable":true,"href":"https:\/\/iestrevenque.es\/sitio\/wp-json\/wp\/v2\/tags?post=5000"}],"curies":[{"name":"wp","href":"https:\/\/api.w.org\/{rel}","templated":true}]}}