{"id":6316,"date":"2021-06-03T07:49:00","date_gmt":"2021-06-03T07:49:00","guid":{"rendered":"https:\/\/iestrevenque.es\/sitio\/?p=6316"},"modified":"2021-06-03T07:49:00","modified_gmt":"2021-06-03T07:49:00","slug":"exposicion-de-numismatica","status":"publish","type":"post","link":"https:\/\/iestrevenque.es\/sitio\/2021\/06\/03\/exposicion-de-numismatica\/","title":{"rendered":"EXPOSICI\u00d3N DE NUMISM\u00c1TICA"},"content":{"rendered":"\r\n<p style=\"text-align: justify\">Dpto. de Lenguas Cl\u00e1sicas<br><br>En este tercer trimestre las alumnas y alumnos de Cultura Cl\u00e1sica junto con el grupo de Lat\u00edn de 4\u00ba y 1\u00baBachillerato han colaborado en la Exposici\u00f3n de Numism\u00e1tica, centr\u00e1ndonos especialmente en las monedas griegas y romanas de la Antig\u00fcedad, as\u00ed mismo se han seleccionado algunas del euro actual con motivos arqueol\u00f3gicos o mitol\u00f3gicos relacionadas con el mundo antiguo. Han indagado, dibujado, coloreado, &#8230;y con ello han desarrollado su creatividad a la par que han descubierto el maravilloso universo de la numism\u00e1tica.<\/p>\r\nngg_shortcode_0_placeholder\r\n<p>&nbsp;<\/p>\r\n","protected":false},"excerpt":{"rendered":"<p>Dpto. de Lenguas Cl\u00e1sicas En este tercer trimestre las alumnas y alumnos de Cultura Cl\u00e1sica junto con el grupo de Lat\u00edn de 4\u00ba y 1\u00baBachillerato han colaborado en la Exposici\u00f3n de Numism\u00e1tica, centr\u00e1ndonos especialmente en las monedas griegas y romanas de la Antig\u00fcedad, as\u00ed mismo se han seleccionado algunas del euro actual con motivos arqueol\u00f3gicos\u2026 <span class=\"read-more\"><a href=\"https:\/\/iestrevenque.es\/sitio\/2021\/06\/03\/exposicion-de-numismatica\/\">Leer m\u00e1s &raquo;<\/a><\/span><\/p>\n","protected":false},"author":3,"featured_media":6329,"comment_status":"closed","ping_status":"open","sticky":false,"template":"","format":"standard","meta":{"ngg_post_thumbnail":0,"jetpack_post_was_ever_published":false,"_jetpack_newsletter_access":"","_jetpack_dont_email_post_to_subs":false,"_jetpack_newsletter_tier_id":0,"_jetpack_memberships_contains_paywalled_content":false,"_jetpack_memberships_contains_paid_content":false,"footnotes":""},"categories":[9],"tags":[],"class_list":["post-6316","post","type-post","status-publish","format-standard","has-post-thumbnail","hentry","category-extraescolares-y-complementarias"],"jetpack_featured_media_url":"https:\/\/i0.wp.com\/iestrevenque.es\/sitio\/wp-content\/uploads\/2021\/06\/PHOTO-2021-06-02-12-32-42-copia-3.jpg?fit=1600%2C1200&ssl=1","jetpack_sharing_enabled":true,"jetpack_shortlink":"https:\/\/wp.me\/pa47Ce-1DS","_links":{"self":[{"href":"https:\/\/iestrevenque.es\/sitio\/wp-json\/wp\/v2\/posts\/6316","targetHints":{"allow":["GET"]}}],"collection":[{"href":"https:\/\/iestrevenque.es\/sitio\/wp-json\/wp\/v2\/posts"}],"about":[{"href":"https:\/\/iestrevenque.es\/sitio\/wp-json\/wp\/v2\/types\/post"}],"author":[{"embeddable":true,"href":"https:\/\/iestrevenque.es\/sitio\/wp-json\/wp\/v2\/users\/3"}],"replies":[{"embeddable":true,"href":"https:\/\/iestrevenque.es\/sitio\/wp-json\/wp\/v2\/comments?post=6316"}],"version-history":[{"count":3,"href":"https:\/\/iestrevenque.es\/sitio\/wp-json\/wp\/v2\/posts\/6316\/revisions"}],"predecessor-version":[{"id":6330,"href":"https:\/\/iestrevenque.es\/sitio\/wp-json\/wp\/v2\/posts\/6316\/revisions\/6330"}],"wp:featuredmedia":[{"embeddable":true,"href":"https:\/\/iestrevenque.es\/sitio\/wp-json\/wp\/v2\/media\/6329"}],"wp:attachment":[{"href":"https:\/\/iestrevenque.es\/sitio\/wp-json\/wp\/v2\/media?parent=6316"}],"wp:term":[{"taxonomy":"category","embeddable":true,"href":"https:\/\/iestrevenque.es\/sitio\/wp-json\/wp\/v2\/categories?post=6316"},{"taxonomy":"post_tag","embeddable":true,"href":"https:\/\/iestrevenque.es\/sitio\/wp-json\/wp\/v2\/tags?post=6316"}],"curies":[{"name":"wp","href":"https:\/\/api.w.org\/{rel}","templated":true}]}}