{"id":6510,"date":"2021-06-22T09:27:02","date_gmt":"2021-06-22T09:27:02","guid":{"rendered":"https:\/\/iestrevenque.es\/sitio\/?p=6510"},"modified":"2021-06-22T09:27:02","modified_gmt":"2021-06-22T09:27:02","slug":"vivir-sentir-la-zubia","status":"publish","type":"post","link":"https:\/\/iestrevenque.es\/sitio\/2021\/06\/22\/vivir-sentir-la-zubia\/","title":{"rendered":"VIVIR SENTIR LA ZUBIA"},"content":{"rendered":"<header class=\"entry-header responsive-max-width\">\n<h4 class=\"entry-title\">&nbsp;<\/h4>\n<header class=\"entry-header responsive-max-width\">\n<h4 class=\"entry-title\">\u00bfC\u00f3mo dar a conocer el Patrimonio a los m\u00e1s j\u00f3venes?<\/h4>\n<\/header>\n<div class=\"entry-content\">\n<p class=\"has-text-align-justify\" style=\"text-align: justify\">Para dar respuesta a \u00e9stas preguntas existe en el IES Trevenque, una asignatura de 1\u00ba de bachillerato como es&nbsp;<strong><em>Patrimonio Cultural y Art\u00edstico de Andaluc\u00eda.&nbsp;<\/em><\/strong>Pero claro, su \u00e1mbito es escolar, se circunscribe a una sola asignatura.&nbsp; Para ello surge la idea de solicitar dentro de los programas de innovaci\u00f3n educativa que oferta la Junta de Andaluc\u00eda, el programa, de&nbsp;<strong><em>Vivir y sentir el patrimonio<\/em><\/strong>, y aplicarlo en el pueblo de la Zubia.&nbsp;<\/p>\n<p class=\"has-text-align-justify\" style=\"text-align: justify\">Un programa que ser\u00e1 coordinado por el IES Trevenque en colaboraci\u00f3n con el Ayuntamiento de La Zubia que pretende&nbsp; integrarse en el municipio todo lo posible.<\/p>\n<\/div>\n<\/header>\n<div class=\"entry-content\">\n<p class=\"has-text-align-justify\" style=\"text-align: justify\">Un programa que permitir\u00e1 que el alumnado conozca el Patrimonio desde diferentes puntos de vista, la historia, el arte, la cultura, el medioambiente, las matem\u00e1ticas, los idiomas, etc. Y que nace con la finalidad de favorecer el disfrute, conocimiento y comprensi\u00f3n de los valores hist\u00f3ricos, art\u00edsticos, etnogr\u00e1ficos, cient\u00edficos y t\u00e9cnicos de los bienes culturales.<\/p>\n<p class=\"has-text-align-justify\" style=\"text-align: justify\">Hay que tener en cuenta que la realidad escolar y social ha cambiado y obliga a buscar nuevas f\u00f3rmulas para conectar con el alumnado, y por ello, fomentar nuevas t\u00e9cnicas y estrategias did\u00e1cticas de ense\u00f1anza-aprendizaje, aplicadas al Patrimonio, tanto fuera como dentro del aula, impulsando dicho Patrimonio como gu\u00eda de referencia que permitir\u00e1 fomentar relaciones intergeneracionales, multiculturales y plurales.&nbsp;<\/p>\n<div class=\"entry-content\">\n<p class=\"has-text-align-justify\" style=\"text-align: justify\">Un proyecto de trabajo abierto que ofrece un marco de actuaciones susceptible de desarrollarse a lo largo del tiempo de diversas formas. Este primer a\u00f1o la tem\u00e1tica ronda el patrimonio monumental, pero en los sucesivos a\u00f1os, pueden girar en torno a otras vertientes del patrimonio, inmaterial, natural, industrial\u2026&nbsp;<\/p>\n<p class=\"has-text-align-justify\" style=\"text-align: justify\">Pretendemos dar respuesta a las nuevas demandas educativas que exigen innovaci\u00f3n. Y la educaci\u00f3n a trav\u00e9s del patrimonio, nos va a permitir conectar \u00e1mbitos&nbsp; educativos formales y no formales (el aula, asociaciones de vecinos, t\u00e9cnicos municipales\u2026) que pocas veces se conectaban, integrando el centro con el municipio y el municipio con el centro.&nbsp;<\/p>\n<p class=\"has-text-align-justify\" style=\"text-align: justify\">Todo esto hace m\u00e1s necesario un programa de este tipo que permita que el alumnado presente, ciudadano futuro, sienta como suyo el Patrimonio, lo conozca, lo valores, y termine cuid\u00e1ndolo.<\/p>\n<p>&nbsp;<\/p>\n<\/div>\n<\/div>\n<p><a href=\"https:\/\/www.youtube.com\/c\/VivirySentirelPatrimonio\">https:\/\/www.youtube.com\/c\/VivirySentirelPatrimonio<\/a><\/p>\n<p><a href=\"https:\/\/vivirysentirlazubia.wordpress.com\/\">https:\/\/vivirysentirlazubia.wordpress.com\/<\/a><\/p>\n<p>&nbsp;<\/p>\n","protected":false},"excerpt":{"rendered":"<p>&nbsp; \u00bfC\u00f3mo dar a conocer el Patrimonio a los m\u00e1s j\u00f3venes? Para dar respuesta a \u00e9stas preguntas existe en el IES Trevenque, una asignatura de 1\u00ba de bachillerato como es&nbsp;Patrimonio Cultural y Art\u00edstico de Andaluc\u00eda.&nbsp;Pero claro, su \u00e1mbito es escolar, se circunscribe a una sola asignatura.&nbsp; Para ello surge la idea de solicitar dentro de\u2026 <span class=\"read-more\"><a href=\"https:\/\/iestrevenque.es\/sitio\/2021\/06\/22\/vivir-sentir-la-zubia\/\">Leer m\u00e1s &raquo;<\/a><\/span><\/p>\n","protected":false},"author":3,"featured_media":6513,"comment_status":"closed","ping_status":"open","sticky":false,"template":"","format":"standard","meta":{"ngg_post_thumbnail":0,"jetpack_post_was_ever_published":false,"_jetpack_newsletter_access":"","_jetpack_dont_email_post_to_subs":false,"_jetpack_newsletter_tier_id":0,"_jetpack_memberships_contains_paywalled_content":false,"_jetpack_memberships_contains_paid_content":false,"footnotes":""},"categories":[9],"tags":[],"class_list":["post-6510","post","type-post","status-publish","format-standard","has-post-thumbnail","hentry","category-extraescolares-y-complementarias"],"jetpack_featured_media_url":"https:\/\/i0.wp.com\/iestrevenque.es\/sitio\/wp-content\/uploads\/2021\/06\/iglesia-san-luis.jpg?fit=1024%2C768&ssl=1","jetpack_sharing_enabled":true,"jetpack_shortlink":"https:\/\/wp.me\/pa47Ce-1H0","_links":{"self":[{"href":"https:\/\/iestrevenque.es\/sitio\/wp-json\/wp\/v2\/posts\/6510","targetHints":{"allow":["GET"]}}],"collection":[{"href":"https:\/\/iestrevenque.es\/sitio\/wp-json\/wp\/v2\/posts"}],"about":[{"href":"https:\/\/iestrevenque.es\/sitio\/wp-json\/wp\/v2\/types\/post"}],"author":[{"embeddable":true,"href":"https:\/\/iestrevenque.es\/sitio\/wp-json\/wp\/v2\/users\/3"}],"replies":[{"embeddable":true,"href":"https:\/\/iestrevenque.es\/sitio\/wp-json\/wp\/v2\/comments?post=6510"}],"version-history":[{"count":2,"href":"https:\/\/iestrevenque.es\/sitio\/wp-json\/wp\/v2\/posts\/6510\/revisions"}],"predecessor-version":[{"id":6512,"href":"https:\/\/iestrevenque.es\/sitio\/wp-json\/wp\/v2\/posts\/6510\/revisions\/6512"}],"wp:featuredmedia":[{"embeddable":true,"href":"https:\/\/iestrevenque.es\/sitio\/wp-json\/wp\/v2\/media\/6513"}],"wp:attachment":[{"href":"https:\/\/iestrevenque.es\/sitio\/wp-json\/wp\/v2\/media?parent=6510"}],"wp:term":[{"taxonomy":"category","embeddable":true,"href":"https:\/\/iestrevenque.es\/sitio\/wp-json\/wp\/v2\/categories?post=6510"},{"taxonomy":"post_tag","embeddable":true,"href":"https:\/\/iestrevenque.es\/sitio\/wp-json\/wp\/v2\/tags?post=6510"}],"curies":[{"name":"wp","href":"https:\/\/api.w.org\/{rel}","templated":true}]}}