{"id":6766,"date":"2021-09-17T07:05:27","date_gmt":"2021-09-17T07:05:27","guid":{"rendered":"https:\/\/iestrevenque.es\/sitio\/?p=6766"},"modified":"2021-09-17T07:05:27","modified_gmt":"2021-09-17T07:05:27","slug":"presentacion-del-nuevo-libro-de-d-jose-angel-marina-gil","status":"publish","type":"post","link":"https:\/\/iestrevenque.es\/sitio\/2021\/09\/17\/presentacion-del-nuevo-libro-de-d-jose-angel-marina-gil\/","title":{"rendered":"PRESENTACI\u00d3N DEL NUEVO LIBRO DE D. JOS\u00c9 \u00c1NGEL MARINA GIL"},"content":{"rendered":"<p>D. Jos\u00e9 \u00c1ngel Marina Gil, profesor de historia de nuestro Centro, publica su nuevo libro <b>&nbsp;\u201cEn los umbrales de una nueva era, m\u00e1s all\u00e1 de la covid 19\u201d<\/b>. La presentaci\u00f3n ser\u00e1 el pr\u00f3ximo d\u00eda <span dir=\"ltr\">&nbsp;28 de septiembre<\/span> (martes), a las 19,30 horas,&nbsp;en la Biblioteca de Andaluc\u00eda.<\/p>\r\n","protected":false},"excerpt":{"rendered":"<p>D. Jos\u00e9 \u00c1ngel Marina Gil, profesor de historia de nuestro Centro, publica su nuevo libro &nbsp;\u201cEn los umbrales de una nueva era, m\u00e1s all\u00e1 de la covid 19\u201d. La presentaci\u00f3n ser\u00e1 el pr\u00f3ximo d\u00eda &nbsp;28 de septiembre (martes), a las 19,30 horas,&nbsp;en la Biblioteca de Andaluc\u00eda.<\/p>\n","protected":false},"author":3,"featured_media":6769,"comment_status":"closed","ping_status":"open","sticky":false,"template":"","format":"standard","meta":{"ngg_post_thumbnail":0,"jetpack_post_was_ever_published":false,"_jetpack_newsletter_access":"","_jetpack_dont_email_post_to_subs":false,"_jetpack_newsletter_tier_id":0,"_jetpack_memberships_contains_paywalled_content":false,"_jetpack_memberships_contains_paid_content":false,"footnotes":""},"categories":[9],"tags":[],"class_list":["post-6766","post","type-post","status-publish","format-standard","has-post-thumbnail","hentry","category-extraescolares-y-complementarias"],"jetpack_featured_media_url":"https:\/\/i0.wp.com\/iestrevenque.es\/sitio\/wp-content\/uploads\/2021\/09\/4E649731-C081-45DB-9F92-22802E6D8E69-scaled.jpeg?fit=2560%2C1179&ssl=1","jetpack_sharing_enabled":true,"jetpack_shortlink":"https:\/\/wp.me\/pa47Ce-1L8","_links":{"self":[{"href":"https:\/\/iestrevenque.es\/sitio\/wp-json\/wp\/v2\/posts\/6766","targetHints":{"allow":["GET"]}}],"collection":[{"href":"https:\/\/iestrevenque.es\/sitio\/wp-json\/wp\/v2\/posts"}],"about":[{"href":"https:\/\/iestrevenque.es\/sitio\/wp-json\/wp\/v2\/types\/post"}],"author":[{"embeddable":true,"href":"https:\/\/iestrevenque.es\/sitio\/wp-json\/wp\/v2\/users\/3"}],"replies":[{"embeddable":true,"href":"https:\/\/iestrevenque.es\/sitio\/wp-json\/wp\/v2\/comments?post=6766"}],"version-history":[{"count":2,"href":"https:\/\/iestrevenque.es\/sitio\/wp-json\/wp\/v2\/posts\/6766\/revisions"}],"predecessor-version":[{"id":6770,"href":"https:\/\/iestrevenque.es\/sitio\/wp-json\/wp\/v2\/posts\/6766\/revisions\/6770"}],"wp:featuredmedia":[{"embeddable":true,"href":"https:\/\/iestrevenque.es\/sitio\/wp-json\/wp\/v2\/media\/6769"}],"wp:attachment":[{"href":"https:\/\/iestrevenque.es\/sitio\/wp-json\/wp\/v2\/media?parent=6766"}],"wp:term":[{"taxonomy":"category","embeddable":true,"href":"https:\/\/iestrevenque.es\/sitio\/wp-json\/wp\/v2\/categories?post=6766"},{"taxonomy":"post_tag","embeddable":true,"href":"https:\/\/iestrevenque.es\/sitio\/wp-json\/wp\/v2\/tags?post=6766"}],"curies":[{"name":"wp","href":"https:\/\/api.w.org\/{rel}","templated":true}]}}